{"id":10318,"date":"2023-09-18T17:06:25","date_gmt":"2023-09-18T12:06:25","guid":{"rendered":"https:\/\/uzdjtsunf.uz\/?p=10318"},"modified":"2023-09-19T09:02:14","modified_gmt":"2023-09-19T04:02:14","slug":"jardemge-mutajlerge-jardem-korsetilmekte","status":"publish","type":"post","link":"https:\/\/uzdjtsunf.uz\/qq\/10318\/","title":{"rendered":"J\u00e1rdemge m\u00fat\u00e1jlerge j\u00e1rdem k\u00f3rsetilmekte"},"content":{"rendered":"<p><\/p>\n\n\t\t<style type=\"text\/css\">\n\t\t\t#gallery-1 {\n\t\t\t\tmargin: auto;\n\t\t\t}\n\t\t\t#gallery-1 .gallery-item {\n\t\t\t\tfloat: left;\n\t\t\t\tmargin-top: 10px;\n\t\t\t\ttext-align: center;\n\t\t\t\twidth: 100%;\n\t\t\t}\n\t\t\t#gallery-1 img {\n\t\t\t\tborder: 2px solid #cfcfcf;\n\t\t\t}\n\t\t\t#gallery-1 .gallery-caption {\n\t\t\t\tmargin-left: 0;\n\t\t\t}\n\t\t\t\/* see gallery_shortcode() in wp-includes\/media.php *\/\n\t\t<\/style>\n\t\t<div id='gallery-1' class='gallery galleryid-10318 gallery-columns-1 gallery-size-full'><dl class='gallery-item'>\n\t\t\t<dt class='gallery-icon landscape'>\n\t\t\t\t<a href='https:\/\/uzdjtsunf.uz\/qq\/10318\/photo_2023-09-19_08-57-49\/'><img loading=\"lazy\" decoding=\"async\" width=\"1194\" height=\"584\" src=\"https:\/\/uzdjtsunf.uz\/wp-content\/uploads\/2023\/09\/photo_2023-09-19_08-57-49-e1695096098276.jpg\" class=\"attachment-full size-full\" alt=\"\" srcset=\"https:\/\/uzdjtsunf.uz\/wp-content\/uploads\/2023\/09\/photo_2023-09-19_08-57-49-e1695096098276.jpg 1194w, https:\/\/uzdjtsunf.uz\/wp-content\/uploads\/2023\/09\/photo_2023-09-19_08-57-49-e1695096098276-300x147.jpg 300w, https:\/\/uzdjtsunf.uz\/wp-content\/uploads\/2023\/09\/photo_2023-09-19_08-57-49-e1695096098276-1024x501.jpg 1024w, https:\/\/uzdjtsunf.uz\/wp-content\/uploads\/2023\/09\/photo_2023-09-19_08-57-49-e1695096098276-768x376.jpg 768w\" sizes=\"auto, (max-width: 1194px) 100vw, 1194px\" \/><\/a>\n\t\t\t<\/dt><\/dl><br style=\"clear: both\" \/>\n\t\t<\/div>\n\n<p style=\"text-align: justify;\"><span style=\"font-family: 'times new roman', times, serif; font-size: 14pt;\">Kekselerdi\u0144 hal\u0131nan xabar al\u0131w, ba\u01f5\u0131wsh\u0131s\u0131nan ay\u0131r\u0131l\u01f5an, jal\u01f5\u0131z basl\u0131, \u00f3zgelerdi\u0144 j\u00e1rdemine m\u00fat\u00e1j nuraniylerge j\u00e1rdem beriw \u00e1zel-\u00e1zelden ata-babalar\u0131m\u0131zd\u0131\u0144 qan\u0131na si\u0144ip ketken jaqs\u0131 p\u00e1ziyletlerden biri bol\u0131p esaplanad\u0131.<\/span><\/p>\n\n\t\t<style type=\"text\/css\">\n\t\t\t#gallery-2 {\n\t\t\t\tmargin: auto;\n\t\t\t}\n\t\t\t#gallery-2 .gallery-item {\n\t\t\t\tfloat: left;\n\t\t\t\tmargin-top: 10px;\n\t\t\t\ttext-align: center;\n\t\t\t\twidth: 100%;\n\t\t\t}\n\t\t\t#gallery-2 img {\n\t\t\t\tborder: 2px solid #cfcfcf;\n\t\t\t}\n\t\t\t#gallery-2 .gallery-caption {\n\t\t\t\tmargin-left: 0;\n\t\t\t}\n\t\t\t\/* see gallery_shortcode() in wp-includes\/media.php *\/\n\t\t<\/style>\n\t\t<div id='gallery-2' class='gallery galleryid-10318 gallery-columns-1 gallery-size-full'><dl class='gallery-item'>\n\t\t\t<dt class='gallery-icon landscape'>\n\t\t\t\t<a href='https:\/\/uzdjtsunf.uz\/qq\/10318\/photo_2023-09-19_08-57-41\/'><img loading=\"lazy\" decoding=\"async\" width=\"1186\" height=\"791\" src=\"https:\/\/uzdjtsunf.uz\/wp-content\/uploads\/2023\/09\/photo_2023-09-19_08-57-41-e1695095971492.jpg\" class=\"attachment-full size-full\" alt=\"\" srcset=\"https:\/\/uzdjtsunf.uz\/wp-content\/uploads\/2023\/09\/photo_2023-09-19_08-57-41-e1695095971492.jpg 1186w, https:\/\/uzdjtsunf.uz\/wp-content\/uploads\/2023\/09\/photo_2023-09-19_08-57-41-e1695095971492-300x200.jpg 300w, https:\/\/uzdjtsunf.uz\/wp-content\/uploads\/2023\/09\/photo_2023-09-19_08-57-41-e1695095971492-1024x683.jpg 1024w, https:\/\/uzdjtsunf.uz\/wp-content\/uploads\/2023\/09\/photo_2023-09-19_08-57-41-e1695095971492-768x512.jpg 768w\" sizes=\"auto, (max-width: 1186px) 100vw, 1186px\" \/><\/a>\n\t\t\t<\/dt><\/dl><br style=\"clear: both\" \/>\n\t\t<\/div>\n\n<p style=\"text-align: justify;\"><span style=\"font-family: 'times new roman', times, serif; font-size: 14pt;\">Bul ba\u01f5darda \u00d3zbekstan Respublikas\u0131 Prezidentini\u0144 2022-j\u0131l 15-mart k\u00fani \u00abNuran\u0131ylard\u0131 h\u00e1r t\u00e1repleme qollap-quwatlaw, olard\u0131\u0144 turm\u0131s d\u00e1rejesin artt\u0131r\u0131w\u01f5a baylan\u0131sl\u0131 qos\u0131msha ilajlar haqq\u0131nda\u00bb\u01f5\u0131 qarar\u0131da qab\u0131l etilgen edi.<\/span><\/p>\n\n\t\t<style type=\"text\/css\">\n\t\t\t#gallery-3 {\n\t\t\t\tmargin: auto;\n\t\t\t}\n\t\t\t#gallery-3 .gallery-item {\n\t\t\t\tfloat: left;\n\t\t\t\tmargin-top: 10px;\n\t\t\t\ttext-align: center;\n\t\t\t\twidth: 100%;\n\t\t\t}\n\t\t\t#gallery-3 img {\n\t\t\t\tborder: 2px solid #cfcfcf;\n\t\t\t}\n\t\t\t#gallery-3 .gallery-caption {\n\t\t\t\tmargin-left: 0;\n\t\t\t}\n\t\t\t\/* see gallery_shortcode() in wp-includes\/media.php *\/\n\t\t<\/style>\n\t\t<div id='gallery-3' class='gallery galleryid-10318 gallery-columns-1 gallery-size-full'><dl class='gallery-item'>\n\t\t\t<dt class='gallery-icon landscape'>\n\t\t\t\t<a href='https:\/\/uzdjtsunf.uz\/qq\/10318\/photo_2023-09-19_08-57-16\/'><img loading=\"lazy\" decoding=\"async\" width=\"1280\" height=\"782\" src=\"https:\/\/uzdjtsunf.uz\/wp-content\/uploads\/2023\/09\/photo_2023-09-19_08-57-16-e1695096009150.jpg\" class=\"attachment-full size-full\" alt=\"\" srcset=\"https:\/\/uzdjtsunf.uz\/wp-content\/uploads\/2023\/09\/photo_2023-09-19_08-57-16-e1695096009150.jpg 1280w, https:\/\/uzdjtsunf.uz\/wp-content\/uploads\/2023\/09\/photo_2023-09-19_08-57-16-e1695096009150-300x183.jpg 300w, https:\/\/uzdjtsunf.uz\/wp-content\/uploads\/2023\/09\/photo_2023-09-19_08-57-16-e1695096009150-1024x626.jpg 1024w, https:\/\/uzdjtsunf.uz\/wp-content\/uploads\/2023\/09\/photo_2023-09-19_08-57-16-e1695096009150-768x469.jpg 768w\" sizes=\"auto, (max-width: 1280px) 100vw, 1280px\" \/><\/a>\n\t\t\t<\/dt><\/dl><br style=\"clear: both\" \/>\n\t\t<\/div>\n\n<p style=\"text-align: justify;\"><span style=\"font-family: 'times new roman', times, serif; font-size: 14pt;\">Us\u0131 qarar tiykar\u0131nda \u00d3zbekstan m\u00e1mleketlik dene t\u00e1rbiyas\u0131 h\u00e1m sport universiteti N\u00f3kis filial\u0131nda bilim al\u0131p at\u0131r\u01f5an bir topar kewilli student-jaslar tyutorlar, psixologlar menen birgelikte \u00abTuran\u00bb m\u00e1kan puqaralar j\u0131y\u0131n\u0131 ayma\u01f5\u0131nda jasawsh\u0131 may\u0131pl\u0131\u01f5\u0131 bar, ba\u01f5\u0131wsh\u0131s\u0131nan ay\u0131r\u0131l\u01f5an, jal\u01f5\u0131z basl\u0131 Zulqumar Redjapovan\u0131\u0144 turaq jay\u0131n\u0131\u0144 d\u00f3gereklerin tazalap, \u00fay ald\u0131 q\u0131ytaq jerlerin awdar\u0131w jum\u0131slar\u0131na j\u00e1rdem berdi.<\/span><\/p>\n\n\t\t<style type=\"text\/css\">\n\t\t\t#gallery-4 {\n\t\t\t\tmargin: auto;\n\t\t\t}\n\t\t\t#gallery-4 .gallery-item {\n\t\t\t\tfloat: left;\n\t\t\t\tmargin-top: 10px;\n\t\t\t\ttext-align: center;\n\t\t\t\twidth: 100%;\n\t\t\t}\n\t\t\t#gallery-4 img {\n\t\t\t\tborder: 2px solid #cfcfcf;\n\t\t\t}\n\t\t\t#gallery-4 .gallery-caption {\n\t\t\t\tmargin-left: 0;\n\t\t\t}\n\t\t\t\/* see gallery_shortcode() in wp-includes\/media.php *\/\n\t\t<\/style>\n\t\t<div id='gallery-4' class='gallery galleryid-10318 gallery-columns-1 gallery-size-full'><dl class='gallery-item'>\n\t\t\t<dt class='gallery-icon landscape'>\n\t\t\t\t<a href='https:\/\/uzdjtsunf.uz\/qq\/10318\/photo_2023-09-19_08-57-03\/'><img loading=\"lazy\" decoding=\"async\" width=\"1226\" height=\"680\" src=\"https:\/\/uzdjtsunf.uz\/wp-content\/uploads\/2023\/09\/photo_2023-09-19_08-57-03-e1695096050988.jpg\" class=\"attachment-full size-full\" alt=\"\" srcset=\"https:\/\/uzdjtsunf.uz\/wp-content\/uploads\/2023\/09\/photo_2023-09-19_08-57-03-e1695096050988.jpg 1226w, https:\/\/uzdjtsunf.uz\/wp-content\/uploads\/2023\/09\/photo_2023-09-19_08-57-03-e1695096050988-300x166.jpg 300w, https:\/\/uzdjtsunf.uz\/wp-content\/uploads\/2023\/09\/photo_2023-09-19_08-57-03-e1695096050988-1024x568.jpg 1024w, https:\/\/uzdjtsunf.uz\/wp-content\/uploads\/2023\/09\/photo_2023-09-19_08-57-03-e1695096050988-768x426.jpg 768w\" sizes=\"auto, (max-width: 1226px) 100vw, 1226px\" \/><\/a>\n\t\t\t<\/dt><\/dl><br style=\"clear: both\" \/>\n\t\t<\/div>\n\n<p style=\"text-align: justify;\"><span style=\"font-family: 'times new roman', times, serif; font-size: 14pt;\">K\u00f3rsetilgen j\u00e1rdemnen kewli tol\u01f5an aymaq tur\u01f5\u0131n\u0131, psixolog, tyutor h\u00e1m student-jaslar\u01f5a \u00f3zini\u0144 aq-p\u00e1tiyas\u0131n berdi.<\/span><\/p>\n<p style=\"text-align: right;\"><strong><span style=\"font-family: 'times new roman', times, serif; font-size: 14pt;\">Filial Baspas\u00f3z x\u0131zmeti.<\/span><\/strong><\/p>\n<p style=\"text-align: justify;\"><span style=\"font-family: 'times new roman', times, serif; font-size: 14pt;\">\u00a0\u00a0\u00a0\u00a0\u00a0\u00a0\u00a0\u00a0<\/span><\/p>\n<p><\/p>","protected":false},"excerpt":{"rendered":"<p>Kekselerdi\u0144 hal\u0131nan xabar al\u0131w, ba\u01f5\u0131wsh\u0131s\u0131nan ay\u0131r\u0131l\u01f5an, jal\u01f5\u0131z basl\u0131, \u00f3zgelerdi\u0144 j\u00e1rdemine m\u00fat\u00e1j nuraniylerge j\u00e1rdem beriw \u00e1zel-\u00e1zelden ata-babalar\u0131m\u0131zd\u0131\u0144 qan\u0131na si\u0144ip ketken jaqs\u0131 p\u00e1ziyletlerden biri bol\u0131p esaplanad\u0131. Bul ba\u01f5darda \u00d3zbekstan Respublikas\u0131 Prezidentini\u0144 2022-j\u0131l 15-mart k\u00fani \u00abNuran\u0131ylard\u0131 h\u00e1r t\u00e1repleme qollap-quwatlaw, olard\u0131\u0144 turm\u0131s d\u00e1rejesin artt\u0131r\u0131w\u01f5a baylan\u0131sl\u0131 qos\u0131msha ilajlar haqq\u0131nda\u00bb\u01f5\u0131 qarar\u0131da qab\u0131l etilgen edi. Us\u0131 qarar tiykar\u0131nda \u00d3zbekstan m\u00e1mleketlik dene t\u00e1rbiyas\u0131 [&hellip;]<\/p>\n","protected":false},"author":87,"featured_media":10336,"comment_status":"closed","ping_status":"closed","sticky":false,"template":"","format":"standard","meta":{"footnotes":""},"categories":[1,3],"tags":[],"class_list":["post-10318","post","type-post","status-publish","format-standard","has-post-thumbnail","hentry","category-ads","category-news"],"_links":{"self":[{"href":"https:\/\/uzdjtsunf.uz\/qq\/wp-json\/wp\/v2\/posts\/10318","targetHints":{"allow":["GET"]}}],"collection":[{"href":"https:\/\/uzdjtsunf.uz\/qq\/wp-json\/wp\/v2\/posts"}],"about":[{"href":"https:\/\/uzdjtsunf.uz\/qq\/wp-json\/wp\/v2\/types\/post"}],"author":[{"embeddable":true,"href":"https:\/\/uzdjtsunf.uz\/qq\/wp-json\/wp\/v2\/users\/87"}],"replies":[{"embeddable":true,"href":"https:\/\/uzdjtsunf.uz\/qq\/wp-json\/wp\/v2\/comments?post=10318"}],"version-history":[{"count":2,"href":"https:\/\/uzdjtsunf.uz\/qq\/wp-json\/wp\/v2\/posts\/10318\/revisions"}],"predecessor-version":[{"id":10337,"href":"https:\/\/uzdjtsunf.uz\/qq\/wp-json\/wp\/v2\/posts\/10318\/revisions\/10337"}],"wp:featuredmedia":[{"embeddable":true,"href":"https:\/\/uzdjtsunf.uz\/qq\/wp-json\/wp\/v2\/media\/10336"}],"wp:attachment":[{"href":"https:\/\/uzdjtsunf.uz\/qq\/wp-json\/wp\/v2\/media?parent=10318"}],"wp:term":[{"taxonomy":"category","embeddable":true,"href":"https:\/\/uzdjtsunf.uz\/qq\/wp-json\/wp\/v2\/categories?post=10318"},{"taxonomy":"post_tag","embeddable":true,"href":"https:\/\/uzdjtsunf.uz\/qq\/wp-json\/wp\/v2\/tags?post=10318"}],"curies":[{"name":"wp","href":"https:\/\/api.w.org\/{rel}","templated":true}]}}