{"id":10515,"date":"2023-09-29T18:41:38","date_gmt":"2023-09-29T13:41:38","guid":{"rendered":"https:\/\/uzdjtsunf.uz\/?p=10515"},"modified":"2023-09-29T18:41:38","modified_gmt":"2023-09-29T13:41:38","slug":"ustazlar%c7%b5a-hurmet-korsetildi","status":"publish","type":"post","link":"https:\/\/uzdjtsunf.uz\/qq\/10515\/","title":{"rendered":"Ustazlar\u01f5a h\u00farmet k\u00f3rsetildi"},"content":{"rendered":"<p><\/p>\n\n\t\t<style type=\"text\/css\">\n\t\t\t#gallery-1 {\n\t\t\t\tmargin: auto;\n\t\t\t}\n\t\t\t#gallery-1 .gallery-item {\n\t\t\t\tfloat: left;\n\t\t\t\tmargin-top: 10px;\n\t\t\t\ttext-align: center;\n\t\t\t\twidth: 100%;\n\t\t\t}\n\t\t\t#gallery-1 img {\n\t\t\t\tborder: 2px solid #cfcfcf;\n\t\t\t}\n\t\t\t#gallery-1 .gallery-caption {\n\t\t\t\tmargin-left: 0;\n\t\t\t}\n\t\t\t\/* see gallery_shortcode() in wp-includes\/media.php *\/\n\t\t<\/style>\n\t\t<div id='gallery-1' class='gallery galleryid-10515 gallery-columns-1 gallery-size-full'><dl class='gallery-item'>\n\t\t\t<dt class='gallery-icon landscape'>\n\t\t\t\t<a href='https:\/\/uzdjtsunf.uz\/qq\/10515\/photo_2023-09-29_18-37-14\/'><img loading=\"lazy\" decoding=\"async\" width=\"1280\" height=\"960\" src=\"https:\/\/uzdjtsunf.uz\/wp-content\/uploads\/2023\/09\/photo_2023-09-29_18-37-14.jpg\" class=\"attachment-full size-full\" alt=\"\" srcset=\"https:\/\/uzdjtsunf.uz\/wp-content\/uploads\/2023\/09\/photo_2023-09-29_18-37-14.jpg 1280w, https:\/\/uzdjtsunf.uz\/wp-content\/uploads\/2023\/09\/photo_2023-09-29_18-37-14-300x225.jpg 300w, https:\/\/uzdjtsunf.uz\/wp-content\/uploads\/2023\/09\/photo_2023-09-29_18-37-14-1024x768.jpg 1024w, https:\/\/uzdjtsunf.uz\/wp-content\/uploads\/2023\/09\/photo_2023-09-29_18-37-14-768x576.jpg 768w\" sizes=\"auto, (max-width: 1280px) 100vw, 1280px\" \/><\/a>\n\t\t\t<\/dt><\/dl><br style=\"clear: both\" \/>\n\t\t<\/div>\n\n<p style=\"text-align: justify;\"><span style=\"font-family: 'times new roman', times, serif; font-size: 14pt;\">Jas \u00e1wladlard\u0131\u0144 j\u00e1miyet ush\u0131n kerekli insan bol\u0131p q\u00e1liplesiwinde \u00f3zini\u0144 k\u00f3z nur\u0131 h\u00e1m \u00f3mirin sar\u0131plap, olar\u01f5a bilim, t\u00e1lim-t\u00e1rbiya berip, milliy h\u00e1m ul\u0131wma insan\u0131yl\u0131q q\u00e1diriyatlar ruwx\u0131nda k\u00e1millikke jetelew jol\u0131nda islep at\u0131r\u01f5an miynetlerin qanshama q\u00e1dirlesekte arz\u0131yd\u0131.<\/span><\/p>\n\n\t\t<style type=\"text\/css\">\n\t\t\t#gallery-2 {\n\t\t\t\tmargin: auto;\n\t\t\t}\n\t\t\t#gallery-2 .gallery-item {\n\t\t\t\tfloat: left;\n\t\t\t\tmargin-top: 10px;\n\t\t\t\ttext-align: center;\n\t\t\t\twidth: 100%;\n\t\t\t}\n\t\t\t#gallery-2 img {\n\t\t\t\tborder: 2px solid #cfcfcf;\n\t\t\t}\n\t\t\t#gallery-2 .gallery-caption {\n\t\t\t\tmargin-left: 0;\n\t\t\t}\n\t\t\t\/* see gallery_shortcode() in wp-includes\/media.php *\/\n\t\t<\/style>\n\t\t<div id='gallery-2' class='gallery galleryid-10515 gallery-columns-1 gallery-size-full'><dl class='gallery-item'>\n\t\t\t<dt class='gallery-icon landscape'>\n\t\t\t\t<a href='https:\/\/uzdjtsunf.uz\/qq\/10515\/photo_2023-09-29_18-13-13_cr\/'><img loading=\"lazy\" decoding=\"async\" width=\"1264\" height=\"949\" src=\"https:\/\/uzdjtsunf.uz\/wp-content\/uploads\/2023\/09\/photo_2023-09-29_18-13-13_cr.jpg\" class=\"attachment-full size-full\" alt=\"\" srcset=\"https:\/\/uzdjtsunf.uz\/wp-content\/uploads\/2023\/09\/photo_2023-09-29_18-13-13_cr.jpg 1264w, https:\/\/uzdjtsunf.uz\/wp-content\/uploads\/2023\/09\/photo_2023-09-29_18-13-13_cr-300x225.jpg 300w, https:\/\/uzdjtsunf.uz\/wp-content\/uploads\/2023\/09\/photo_2023-09-29_18-13-13_cr-1024x769.jpg 1024w, https:\/\/uzdjtsunf.uz\/wp-content\/uploads\/2023\/09\/photo_2023-09-29_18-13-13_cr-768x577.jpg 768w\" sizes=\"auto, (max-width: 1264px) 100vw, 1264px\" \/><\/a>\n\t\t\t<\/dt><\/dl><br style=\"clear: both\" \/>\n\t\t<\/div>\n\n<p style=\"text-align: justify;\"><span style=\"font-family: 'times new roman', times, serif; font-size: 14pt;\">\u00ab1-oktyabr \u2013 Mu\u01f5allimler h\u00e1m ustazlar k\u00fani\u00bb m\u00fan\u00e1sibeti menen \u00d3zbekstan m\u00e1mleketlik dene t\u00e1rbiyas\u0131 h\u00e1m sport universiteti N\u00f3kis filial\u0131 miynet j\u00e1m\u00e1\u00e1ti a\u01f5zalar\u0131da bayramd\u0131 saltanatl\u0131 t\u00farde belgiledi.<\/span><\/p>\n\n\t\t<style type=\"text\/css\">\n\t\t\t#gallery-3 {\n\t\t\t\tmargin: auto;\n\t\t\t}\n\t\t\t#gallery-3 .gallery-item {\n\t\t\t\tfloat: left;\n\t\t\t\tmargin-top: 10px;\n\t\t\t\ttext-align: center;\n\t\t\t\twidth: 100%;\n\t\t\t}\n\t\t\t#gallery-3 img {\n\t\t\t\tborder: 2px solid #cfcfcf;\n\t\t\t}\n\t\t\t#gallery-3 .gallery-caption {\n\t\t\t\tmargin-left: 0;\n\t\t\t}\n\t\t\t\/* see gallery_shortcode() in wp-includes\/media.php *\/\n\t\t<\/style>\n\t\t<div id='gallery-3' class='gallery galleryid-10515 gallery-columns-1 gallery-size-full'><dl class='gallery-item'>\n\t\t\t<dt class='gallery-icon landscape'>\n\t\t\t\t<a href='https:\/\/uzdjtsunf.uz\/qq\/10515\/photo_2023-09-29_15-41-51_cr\/'><img loading=\"lazy\" decoding=\"async\" width=\"1220\" height=\"804\" src=\"https:\/\/uzdjtsunf.uz\/wp-content\/uploads\/2023\/09\/photo_2023-09-29_15-41-51_cr.jpg\" class=\"attachment-full size-full\" alt=\"\" srcset=\"https:\/\/uzdjtsunf.uz\/wp-content\/uploads\/2023\/09\/photo_2023-09-29_15-41-51_cr.jpg 1220w, https:\/\/uzdjtsunf.uz\/wp-content\/uploads\/2023\/09\/photo_2023-09-29_15-41-51_cr-300x198.jpg 300w, https:\/\/uzdjtsunf.uz\/wp-content\/uploads\/2023\/09\/photo_2023-09-29_15-41-51_cr-1024x675.jpg 1024w, https:\/\/uzdjtsunf.uz\/wp-content\/uploads\/2023\/09\/photo_2023-09-29_15-41-51_cr-768x506.jpg 768w\" sizes=\"auto, (max-width: 1220px) 100vw, 1220px\" \/><\/a>\n\t\t\t<\/dt><\/dl><br style=\"clear: both\" \/>\n\t\t<\/div>\n\n<p style=\"text-align: justify;\"><span style=\"font-family: 'times new roman', times, serif; font-size: 14pt;\">Saltanatl\u0131 kesheni filial direktor\u0131, professor Bayrambay Erimbetov kiris s\u00f3z benen ash\u0131p berdi h\u00e1m filial j\u00e1m\u00e1\u00e1tini bayram menen q\u0131z\u01f5\u0131n qutl\u0131qlad\u0131.<\/span><\/p>\n\n\t\t<style type=\"text\/css\">\n\t\t\t#gallery-4 {\n\t\t\t\tmargin: auto;\n\t\t\t}\n\t\t\t#gallery-4 .gallery-item {\n\t\t\t\tfloat: left;\n\t\t\t\tmargin-top: 10px;\n\t\t\t\ttext-align: center;\n\t\t\t\twidth: 100%;\n\t\t\t}\n\t\t\t#gallery-4 img {\n\t\t\t\tborder: 2px solid #cfcfcf;\n\t\t\t}\n\t\t\t#gallery-4 .gallery-caption {\n\t\t\t\tmargin-left: 0;\n\t\t\t}\n\t\t\t\/* see gallery_shortcode() in wp-includes\/media.php *\/\n\t\t<\/style>\n\t\t<div id='gallery-4' class='gallery galleryid-10515 gallery-columns-1 gallery-size-full'><dl class='gallery-item'>\n\t\t\t<dt class='gallery-icon landscape'>\n\t\t\t\t<a href='https:\/\/uzdjtsunf.uz\/qq\/10515\/photo_2023-09-29_18-13-05_cr\/'><img loading=\"lazy\" decoding=\"async\" width=\"1252\" height=\"900\" src=\"https:\/\/uzdjtsunf.uz\/wp-content\/uploads\/2023\/09\/photo_2023-09-29_18-13-05_cr.jpg\" class=\"attachment-full size-full\" alt=\"\" srcset=\"https:\/\/uzdjtsunf.uz\/wp-content\/uploads\/2023\/09\/photo_2023-09-29_18-13-05_cr.jpg 1252w, https:\/\/uzdjtsunf.uz\/wp-content\/uploads\/2023\/09\/photo_2023-09-29_18-13-05_cr-300x216.jpg 300w, https:\/\/uzdjtsunf.uz\/wp-content\/uploads\/2023\/09\/photo_2023-09-29_18-13-05_cr-1024x736.jpg 1024w, https:\/\/uzdjtsunf.uz\/wp-content\/uploads\/2023\/09\/photo_2023-09-29_18-13-05_cr-768x552.jpg 768w\" sizes=\"auto, (max-width: 1252px) 100vw, 1252px\" \/><\/a>\n\t\t\t<\/dt><\/dl><br style=\"clear: both\" \/>\n\t\t<\/div>\n\n<p style=\"text-align: justify;\"><span style=\"font-family: 'times new roman', times, serif; font-size: 14pt;\">So\u0144 filialda \u00f3tkerilgen \u00abBes baslama olimpiadas\u0131\u00bb nda je\u0144impaz bol\u01f5an studentlerge diplom h\u00e1m estelik saw\u01f5alar\u0131 taps\u0131r\u0131ld\u0131.<\/span><\/p>\n\n\t\t<style type=\"text\/css\">\n\t\t\t#gallery-5 {\n\t\t\t\tmargin: auto;\n\t\t\t}\n\t\t\t#gallery-5 .gallery-item {\n\t\t\t\tfloat: left;\n\t\t\t\tmargin-top: 10px;\n\t\t\t\ttext-align: center;\n\t\t\t\twidth: 100%;\n\t\t\t}\n\t\t\t#gallery-5 img {\n\t\t\t\tborder: 2px solid #cfcfcf;\n\t\t\t}\n\t\t\t#gallery-5 .gallery-caption {\n\t\t\t\tmargin-left: 0;\n\t\t\t}\n\t\t\t\/* see gallery_shortcode() in wp-includes\/media.php *\/\n\t\t<\/style>\n\t\t<div id='gallery-5' class='gallery galleryid-10515 gallery-columns-1 gallery-size-full'><dl class='gallery-item'>\n\t\t\t<dt class='gallery-icon landscape'>\n\t\t\t\t<a href='https:\/\/uzdjtsunf.uz\/qq\/10515\/photo_2023-09-29_18-12-56_cr\/'><img loading=\"lazy\" decoding=\"async\" width=\"1270\" height=\"1018\" src=\"https:\/\/uzdjtsunf.uz\/wp-content\/uploads\/2023\/09\/photo_2023-09-29_18-12-56_cr.jpg\" class=\"attachment-full size-full\" alt=\"\" srcset=\"https:\/\/uzdjtsunf.uz\/wp-content\/uploads\/2023\/09\/photo_2023-09-29_18-12-56_cr.jpg 1270w, https:\/\/uzdjtsunf.uz\/wp-content\/uploads\/2023\/09\/photo_2023-09-29_18-12-56_cr-300x240.jpg 300w, https:\/\/uzdjtsunf.uz\/wp-content\/uploads\/2023\/09\/photo_2023-09-29_18-12-56_cr-1024x821.jpg 1024w, https:\/\/uzdjtsunf.uz\/wp-content\/uploads\/2023\/09\/photo_2023-09-29_18-12-56_cr-768x616.jpg 768w\" sizes=\"auto, (max-width: 1270px) 100vw, 1270px\" \/><\/a>\n\t\t\t<\/dt><\/dl><br style=\"clear: both\" \/>\n\t\t<\/div>\n\n<p>&nbsp;<\/p>\n<p style=\"text-align: justify;\"><span style=\"font-family: 'times new roman', times, serif; font-size: 14pt;\">Bayram il\u00e1j\u0131nda Belarus Respublikas\u0131 Poless m\u00e1mleketlik universiteti professor-oq\u0131t\u0131wsh\u0131lar\u0131da miyman bold\u0131.<\/span><\/p>\n\n\t\t<style type=\"text\/css\">\n\t\t\t#gallery-6 {\n\t\t\t\tmargin: auto;\n\t\t\t}\n\t\t\t#gallery-6 .gallery-item {\n\t\t\t\tfloat: left;\n\t\t\t\tmargin-top: 10px;\n\t\t\t\ttext-align: center;\n\t\t\t\twidth: 100%;\n\t\t\t}\n\t\t\t#gallery-6 img {\n\t\t\t\tborder: 2px solid #cfcfcf;\n\t\t\t}\n\t\t\t#gallery-6 .gallery-caption {\n\t\t\t\tmargin-left: 0;\n\t\t\t}\n\t\t\t\/* see gallery_shortcode() in wp-includes\/media.php *\/\n\t\t<\/style>\n\t\t<div id='gallery-6' class='gallery galleryid-10515 gallery-columns-1 gallery-size-full'><dl class='gallery-item'>\n\t\t\t<dt class='gallery-icon landscape'>\n\t\t\t\t<a href='https:\/\/uzdjtsunf.uz\/qq\/10515\/photo_2023-09-29_18-13-03_cr\/'><img loading=\"lazy\" decoding=\"async\" width=\"1280\" height=\"920\" src=\"https:\/\/uzdjtsunf.uz\/wp-content\/uploads\/2023\/09\/photo_2023-09-29_18-13-03_cr.jpg\" class=\"attachment-full size-full\" alt=\"\" srcset=\"https:\/\/uzdjtsunf.uz\/wp-content\/uploads\/2023\/09\/photo_2023-09-29_18-13-03_cr.jpg 1280w, https:\/\/uzdjtsunf.uz\/wp-content\/uploads\/2023\/09\/photo_2023-09-29_18-13-03_cr-300x216.jpg 300w, https:\/\/uzdjtsunf.uz\/wp-content\/uploads\/2023\/09\/photo_2023-09-29_18-13-03_cr-1024x736.jpg 1024w, https:\/\/uzdjtsunf.uz\/wp-content\/uploads\/2023\/09\/photo_2023-09-29_18-13-03_cr-768x552.jpg 768w\" sizes=\"auto, (max-width: 1280px) 100vw, 1280px\" \/><\/a>\n\t\t\t<\/dt><\/dl><br style=\"clear: both\" \/>\n\t\t<\/div>\n\n<p style=\"text-align: justify;\"><span style=\"font-family: 'times new roman', times, serif; font-size: 14pt;\">M\u00e1deniy il\u00e1j qaraqalpaq estrada juld\u0131zlar\u0131, respublikam\u0131zda\u01f5\u0131 joqar\u0131 oq\u0131w or\u0131nlar\u0131 h\u00e1m filial studentleri t\u00e1repinen tayarlan\u01f5an koncert ba\u01f5darlamas\u0131 menen dawam etti.<\/span><\/p>\n\n\t\t<style type=\"text\/css\">\n\t\t\t#gallery-7 {\n\t\t\t\tmargin: auto;\n\t\t\t}\n\t\t\t#gallery-7 .gallery-item {\n\t\t\t\tfloat: left;\n\t\t\t\tmargin-top: 10px;\n\t\t\t\ttext-align: center;\n\t\t\t\twidth: 100%;\n\t\t\t}\n\t\t\t#gallery-7 img {\n\t\t\t\tborder: 2px solid #cfcfcf;\n\t\t\t}\n\t\t\t#gallery-7 .gallery-caption {\n\t\t\t\tmargin-left: 0;\n\t\t\t}\n\t\t\t\/* see gallery_shortcode() in wp-includes\/media.php *\/\n\t\t<\/style>\n\t\t<div id='gallery-7' class='gallery galleryid-10515 gallery-columns-1 gallery-size-full'><dl class='gallery-item'>\n\t\t\t<dt class='gallery-icon landscape'>\n\t\t\t\t<a href='https:\/\/uzdjtsunf.uz\/qq\/10515\/photo_2023-09-29_18-13-01_cr\/'><img loading=\"lazy\" decoding=\"async\" width=\"1167\" height=\"708\" src=\"https:\/\/uzdjtsunf.uz\/wp-content\/uploads\/2023\/09\/photo_2023-09-29_18-13-01_cr.jpg\" class=\"attachment-full size-full\" alt=\"\" srcset=\"https:\/\/uzdjtsunf.uz\/wp-content\/uploads\/2023\/09\/photo_2023-09-29_18-13-01_cr.jpg 1167w, https:\/\/uzdjtsunf.uz\/wp-content\/uploads\/2023\/09\/photo_2023-09-29_18-13-01_cr-300x182.jpg 300w, https:\/\/uzdjtsunf.uz\/wp-content\/uploads\/2023\/09\/photo_2023-09-29_18-13-01_cr-1024x621.jpg 1024w, https:\/\/uzdjtsunf.uz\/wp-content\/uploads\/2023\/09\/photo_2023-09-29_18-13-01_cr-768x466.jpg 768w\" sizes=\"auto, (max-width: 1167px) 100vw, 1167px\" \/><\/a>\n\t\t\t<\/dt><\/dl><br style=\"clear: both\" \/>\n\t\t<\/div>\n\n<p style=\"text-align: justify;\">\u00a0<\/p>\n<p style=\"text-align: right;\"><strong><span style=\"font-family: 'times new roman', times, serif; font-size: 14pt;\">Filial Baspas\u00f3z x\u0131zmeti.<\/span><\/strong><\/p>\n<p><\/p>","protected":false},"excerpt":{"rendered":"<p>Jas \u00e1wladlard\u0131\u0144 j\u00e1miyet ush\u0131n kerekli insan bol\u0131p q\u00e1liplesiwinde \u00f3zini\u0144 k\u00f3z nur\u0131 h\u00e1m \u00f3mirin sar\u0131plap, olar\u01f5a bilim, t\u00e1lim-t\u00e1rbiya berip, milliy h\u00e1m ul\u0131wma insan\u0131yl\u0131q q\u00e1diriyatlar ruwx\u0131nda k\u00e1millikke jetelew jol\u0131nda islep at\u0131r\u01f5an miynetlerin qanshama q\u00e1dirlesekte arz\u0131yd\u0131. \u00ab1-oktyabr \u2013 Mu\u01f5allimler h\u00e1m ustazlar k\u00fani\u00bb m\u00fan\u00e1sibeti menen \u00d3zbekstan m\u00e1mleketlik dene t\u00e1rbiyas\u0131 h\u00e1m sport universiteti N\u00f3kis filial\u0131 miynet j\u00e1m\u00e1\u00e1ti a\u01f5zalar\u0131da bayramd\u0131 saltanatl\u0131 [&hellip;]<\/p>\n","protected":false},"author":87,"featured_media":10519,"comment_status":"closed","ping_status":"closed","sticky":false,"template":"","format":"standard","meta":{"footnotes":""},"categories":[1,3],"tags":[],"class_list":["post-10515","post","type-post","status-publish","format-standard","has-post-thumbnail","hentry","category-ads","category-news"],"_links":{"self":[{"href":"https:\/\/uzdjtsunf.uz\/qq\/wp-json\/wp\/v2\/posts\/10515","targetHints":{"allow":["GET"]}}],"collection":[{"href":"https:\/\/uzdjtsunf.uz\/qq\/wp-json\/wp\/v2\/posts"}],"about":[{"href":"https:\/\/uzdjtsunf.uz\/qq\/wp-json\/wp\/v2\/types\/post"}],"author":[{"embeddable":true,"href":"https:\/\/uzdjtsunf.uz\/qq\/wp-json\/wp\/v2\/users\/87"}],"replies":[{"embeddable":true,"href":"https:\/\/uzdjtsunf.uz\/qq\/wp-json\/wp\/v2\/comments?post=10515"}],"version-history":[{"count":1,"href":"https:\/\/uzdjtsunf.uz\/qq\/wp-json\/wp\/v2\/posts\/10515\/revisions"}],"predecessor-version":[{"id":10526,"href":"https:\/\/uzdjtsunf.uz\/qq\/wp-json\/wp\/v2\/posts\/10515\/revisions\/10526"}],"wp:featuredmedia":[{"embeddable":true,"href":"https:\/\/uzdjtsunf.uz\/qq\/wp-json\/wp\/v2\/media\/10519"}],"wp:attachment":[{"href":"https:\/\/uzdjtsunf.uz\/qq\/wp-json\/wp\/v2\/media?parent=10515"}],"wp:term":[{"taxonomy":"category","embeddable":true,"href":"https:\/\/uzdjtsunf.uz\/qq\/wp-json\/wp\/v2\/categories?post=10515"},{"taxonomy":"post_tag","embeddable":true,"href":"https:\/\/uzdjtsunf.uz\/qq\/wp-json\/wp\/v2\/tags?post=10515"}],"curies":[{"name":"wp","href":"https:\/\/api.w.org\/{rel}","templated":true}]}}