{"id":10638,"date":"2023-10-17T17:17:29","date_gmt":"2023-10-17T12:17:29","guid":{"rendered":"https:\/\/uzdjtsunf.uz\/?p=10638"},"modified":"2023-10-17T17:17:29","modified_gmt":"2023-10-17T12:17:29","slug":"guz-qis-mawsimine-tayarliq-koriw-ilajlarina-ba%c7%b5ishlan%c7%b5an-ushirasiw-bolip-otti","status":"publish","type":"post","link":"https:\/\/uzdjtsunf.uz\/qq\/10638\/","title":{"rendered":"G\u00faz-q\u0131s m\u00e1wsimine tayarl\u0131q k\u00f3riw ilajlar\u0131na ba\u01f5\u0131shlan\u01f5an ush\u0131ras\u0131w bol\u0131p \u00f3tti"},"content":{"rendered":"<p><\/p>\n\n\t\t<style type=\"text\/css\">\n\t\t\t#gallery-1 {\n\t\t\t\tmargin: auto;\n\t\t\t}\n\t\t\t#gallery-1 .gallery-item {\n\t\t\t\tfloat: left;\n\t\t\t\tmargin-top: 10px;\n\t\t\t\ttext-align: center;\n\t\t\t\twidth: 100%;\n\t\t\t}\n\t\t\t#gallery-1 img {\n\t\t\t\tborder: 2px solid #cfcfcf;\n\t\t\t}\n\t\t\t#gallery-1 .gallery-caption {\n\t\t\t\tmargin-left: 0;\n\t\t\t}\n\t\t\t\/* see gallery_shortcode() in wp-includes\/media.php *\/\n\t\t<\/style>\n\t\t<div id='gallery-1' class='gallery galleryid-10638 gallery-columns-1 gallery-size-full'><dl class='gallery-item'>\n\t\t\t<dt class='gallery-icon landscape'>\n\t\t\t\t<a href='https:\/\/uzdjtsunf.uz\/qq\/10638\/photo_2023-10-16_20-27-44\/'><img loading=\"lazy\" decoding=\"async\" width=\"1280\" height=\"718\" src=\"https:\/\/uzdjtsunf.uz\/wp-content\/uploads\/2023\/10\/photo_2023-10-16_20-27-44.jpg\" class=\"attachment-full size-full\" alt=\"\" srcset=\"https:\/\/uzdjtsunf.uz\/wp-content\/uploads\/2023\/10\/photo_2023-10-16_20-27-44.jpg 1280w, https:\/\/uzdjtsunf.uz\/wp-content\/uploads\/2023\/10\/photo_2023-10-16_20-27-44-300x168.jpg 300w, https:\/\/uzdjtsunf.uz\/wp-content\/uploads\/2023\/10\/photo_2023-10-16_20-27-44-1024x574.jpg 1024w, https:\/\/uzdjtsunf.uz\/wp-content\/uploads\/2023\/10\/photo_2023-10-16_20-27-44-768x431.jpg 768w\" sizes=\"auto, (max-width: 1280px) 100vw, 1280px\" \/><\/a>\n\t\t\t<\/dt><\/dl><br style=\"clear: both\" \/>\n\t\t<\/div>\n\n<p style=\"text-align: justify;\"><span style=\"font-family: 'times new roman', times, serif; font-size: 14pt;\">Qaraqalpaqstan Respublikas\u0131 Joqar\u01f5\u0131 Ke\u0144esi Basl\u0131\u01f5\u0131n\u0131\u0144 or\u0131nbasar\u0131 R.Saparbaev, Ministrler Ke\u0144esi Basl\u0131\u01f5\u0131n\u0131\u0144 or\u0131nbasar\u0131 B.Otemuratov, \u201cHududgaztaminot\u201d akcionerlik j\u00e1miyetini\u0144 Qaraqalpaqstan filial\u0131 direktor\u0131 X.Aymanov,\u00a0 N\u00f3kis qalal\u0131q Ayr\u0131qsha ja\u01f5daylar b\u00f3lim basl\u0131\u01f5\u0131 J.Djubanishov, sonday-aq,\u00a0 N\u00f3kis qalas\u0131nda\u01f5\u0131 barl\u0131q joqar\u0131 oq\u0131w or\u0131nlar\u0131n\u0131\u0144 rektor h\u00e1m direktorlar\u0131, fakultet dekanlar\u0131,\u00a0 tyutorlar, MPJ basl\u0131qlar\u0131, taraw q\u00e1nigeleri qatnas\u0131nda Berdaq at\u0131nda\u01f5\u0131 Qaraqalpaq m\u00e1mleketlik universitetinde g\u00faz-q\u0131s m\u00e1wsimine tayarl\u0131q k\u00f3riw ilajlar\u0131na ba\u01f5\u0131shlan\u01f5an ush\u0131ras\u0131w bol\u0131p \u00f3tti.<\/span><\/p>\n\n\t\t<style type=\"text\/css\">\n\t\t\t#gallery-2 {\n\t\t\t\tmargin: auto;\n\t\t\t}\n\t\t\t#gallery-2 .gallery-item {\n\t\t\t\tfloat: left;\n\t\t\t\tmargin-top: 10px;\n\t\t\t\ttext-align: center;\n\t\t\t\twidth: 100%;\n\t\t\t}\n\t\t\t#gallery-2 img {\n\t\t\t\tborder: 2px solid #cfcfcf;\n\t\t\t}\n\t\t\t#gallery-2 .gallery-caption {\n\t\t\t\tmargin-left: 0;\n\t\t\t}\n\t\t\t\/* see gallery_shortcode() in wp-includes\/media.php *\/\n\t\t<\/style>\n\t\t<div id='gallery-2' class='gallery galleryid-10638 gallery-columns-1 gallery-size-full'><dl class='gallery-item'>\n\t\t\t<dt class='gallery-icon landscape'>\n\t\t\t\t<a href='https:\/\/uzdjtsunf.uz\/qq\/10638\/photo_2023-10-16_20-30-21\/'><img loading=\"lazy\" decoding=\"async\" width=\"915\" height=\"576\" src=\"https:\/\/uzdjtsunf.uz\/wp-content\/uploads\/2023\/10\/photo_2023-10-16_20-30-21.jpg\" class=\"attachment-full size-full\" alt=\"\" srcset=\"https:\/\/uzdjtsunf.uz\/wp-content\/uploads\/2023\/10\/photo_2023-10-16_20-30-21.jpg 915w, https:\/\/uzdjtsunf.uz\/wp-content\/uploads\/2023\/10\/photo_2023-10-16_20-30-21-300x189.jpg 300w, https:\/\/uzdjtsunf.uz\/wp-content\/uploads\/2023\/10\/photo_2023-10-16_20-30-21-768x483.jpg 768w\" sizes=\"auto, (max-width: 915px) 100vw, 915px\" \/><\/a>\n\t\t\t<\/dt><\/dl><br style=\"clear: both\" \/>\n\t\t<\/div>\n\n<p style=\"text-align: justify;\"><span style=\"font-family: 'times new roman', times, serif; font-size: 14pt;\">Ilajda Qaraqalpaqstan Respublikas\u0131 Joqar\u01f5\u0131 Ke\u0144esi Basl\u0131\u01f5\u0131n\u0131\u0144 or\u0131nbasar\u0131 R.Saparbaev s\u00f3zge sh\u0131\u01f5\u0131p,\u00a0 j\u00faz beriwi m\u00famkin bol\u01f5an ayr\u0131qsha ja\u01f5daylar. <\/span><\/p>\n\n\t\t<style type=\"text\/css\">\n\t\t\t#gallery-3 {\n\t\t\t\tmargin: auto;\n\t\t\t}\n\t\t\t#gallery-3 .gallery-item {\n\t\t\t\tfloat: left;\n\t\t\t\tmargin-top: 10px;\n\t\t\t\ttext-align: center;\n\t\t\t\twidth: 100%;\n\t\t\t}\n\t\t\t#gallery-3 img {\n\t\t\t\tborder: 2px solid #cfcfcf;\n\t\t\t}\n\t\t\t#gallery-3 .gallery-caption {\n\t\t\t\tmargin-left: 0;\n\t\t\t}\n\t\t\t\/* see gallery_shortcode() in wp-includes\/media.php *\/\n\t\t<\/style>\n\t\t<div id='gallery-3' class='gallery galleryid-10638 gallery-columns-1 gallery-size-full'><dl class='gallery-item'>\n\t\t\t<dt class='gallery-icon landscape'>\n\t\t\t\t<a href='https:\/\/uzdjtsunf.uz\/qq\/10638\/photo_2023-10-16_20-27-49\/'><img loading=\"lazy\" decoding=\"async\" width=\"1280\" height=\"718\" src=\"https:\/\/uzdjtsunf.uz\/wp-content\/uploads\/2023\/10\/photo_2023-10-16_20-27-49.jpg\" class=\"attachment-full size-full\" alt=\"\" srcset=\"https:\/\/uzdjtsunf.uz\/wp-content\/uploads\/2023\/10\/photo_2023-10-16_20-27-49.jpg 1280w, https:\/\/uzdjtsunf.uz\/wp-content\/uploads\/2023\/10\/photo_2023-10-16_20-27-49-300x168.jpg 300w, https:\/\/uzdjtsunf.uz\/wp-content\/uploads\/2023\/10\/photo_2023-10-16_20-27-49-1024x574.jpg 1024w, https:\/\/uzdjtsunf.uz\/wp-content\/uploads\/2023\/10\/photo_2023-10-16_20-27-49-768x431.jpg 768w\" sizes=\"auto, (max-width: 1280px) 100vw, 1280px\" \/><\/a>\n\t\t\t<\/dt><\/dl><br style=\"clear: both\" \/>\n\t\t<\/div>\n\n<p style=\"text-align: justify;\"><span style=\"font-family: 'times new roman', times, serif; font-size: 14pt;\">Sonday-aq,\u00a0 puqaralard\u0131\u0144 iyis gazinen z\u00e1h\u00e1rleniw,\u00a0 hawa-gaz aralaspas\u0131n\u0131\u0144 jar\u0131l\u0131w\u0131 h\u00e1m \u00f3rtler menen baylan\u0131sl\u0131 bax\u0131ts\u0131z h\u00e1diyselerdi\u0144 ald\u0131n al\u0131w\u01f5a qarat\u0131l\u01f5an jum\u0131slard\u0131 j\u00e1nede k\u00fasheytiw. K\u00f3p-qabatl\u0131 \u00faylerde ijarada jasaytu\u01f5\u0131n student-jaslard\u0131\u0144 \u00fayindegi mor\u0131lard\u0131 tazalat\u0131w,\u00a0 j\u0131l\u0131t\u0131w \u00faskenelerin texnika q\u00e1wipsizligine \u00e1mel etken halda paydalan\u0131w kerekligin ayt\u0131p \u00f3tti.<\/span><\/p>\n\n\t\t<style type=\"text\/css\">\n\t\t\t#gallery-4 {\n\t\t\t\tmargin: auto;\n\t\t\t}\n\t\t\t#gallery-4 .gallery-item {\n\t\t\t\tfloat: left;\n\t\t\t\tmargin-top: 10px;\n\t\t\t\ttext-align: center;\n\t\t\t\twidth: 100%;\n\t\t\t}\n\t\t\t#gallery-4 img {\n\t\t\t\tborder: 2px solid #cfcfcf;\n\t\t\t}\n\t\t\t#gallery-4 .gallery-caption {\n\t\t\t\tmargin-left: 0;\n\t\t\t}\n\t\t\t\/* see gallery_shortcode() in wp-includes\/media.php *\/\n\t\t<\/style>\n\t\t<div id='gallery-4' class='gallery galleryid-10638 gallery-columns-1 gallery-size-full'><dl class='gallery-item'>\n\t\t\t<dt class='gallery-icon landscape'>\n\t\t\t\t<a href='https:\/\/uzdjtsunf.uz\/qq\/10638\/photo_2023-10-16_20-27-48\/'><img loading=\"lazy\" decoding=\"async\" width=\"1280\" height=\"718\" src=\"https:\/\/uzdjtsunf.uz\/wp-content\/uploads\/2023\/10\/photo_2023-10-16_20-27-48.jpg\" class=\"attachment-full size-full\" alt=\"\" srcset=\"https:\/\/uzdjtsunf.uz\/wp-content\/uploads\/2023\/10\/photo_2023-10-16_20-27-48.jpg 1280w, https:\/\/uzdjtsunf.uz\/wp-content\/uploads\/2023\/10\/photo_2023-10-16_20-27-48-300x168.jpg 300w, https:\/\/uzdjtsunf.uz\/wp-content\/uploads\/2023\/10\/photo_2023-10-16_20-27-48-1024x574.jpg 1024w, https:\/\/uzdjtsunf.uz\/wp-content\/uploads\/2023\/10\/photo_2023-10-16_20-27-48-768x431.jpg 768w\" sizes=\"auto, (max-width: 1280px) 100vw, 1280px\" \/><\/a>\n\t\t\t<\/dt><\/dl><br style=\"clear: both\" \/>\n\t\t<\/div>\n\n<p style=\"text-align: justify;\"><span style=\"font-family: 'times new roman', times, serif; font-size: 14pt;\">So\u0144, s\u00f3zge sh\u0131qqan taraw q\u00e1nigeleri hawa ray\u0131n\u0131\u0144 keskin d\u00e1rejede suw\u0131t\u0131w\u0131 ald\u0131nan j\u0131l\u0131t\u0131w qazanlar\u0131 h\u00e1m pech mor\u0131lar\u0131n tazalat\u0131w yaki j\u0131ll\u0131l\u0131q tarmaqlar\u0131nda nasazl\u0131qlard\u0131 saplast\u0131r\u0131w boy\u0131nsha b\u00e1rsheni q\u0131ra\u01f5\u0131l\u0131qqa\u00a0 shaq\u0131rd\u0131.<\/span><\/p>\n<p style=\"text-align: right;\"><strong><span style=\"font-family: 'times new roman', times, serif; font-size: 14pt;\">Filial Baspas\u00f3z x\u0131zmeti.<\/span><\/strong><\/p>\n<p><\/p>","protected":false},"excerpt":{"rendered":"<p>Qaraqalpaqstan Respublikas\u0131 Joqar\u01f5\u0131 Ke\u0144esi Basl\u0131\u01f5\u0131n\u0131\u0144 or\u0131nbasar\u0131 R.Saparbaev, Ministrler Ke\u0144esi Basl\u0131\u01f5\u0131n\u0131\u0144 or\u0131nbasar\u0131 B.Otemuratov, \u201cHududgaztaminot\u201d akcionerlik j\u00e1miyetini\u0144 Qaraqalpaqstan filial\u0131 direktor\u0131 X.Aymanov,\u00a0 N\u00f3kis qalal\u0131q Ayr\u0131qsha ja\u01f5daylar b\u00f3lim basl\u0131\u01f5\u0131 J.Djubanishov, sonday-aq,\u00a0 N\u00f3kis qalas\u0131nda\u01f5\u0131 barl\u0131q joqar\u0131 oq\u0131w or\u0131nlar\u0131n\u0131\u0144 rektor h\u00e1m direktorlar\u0131, fakultet dekanlar\u0131,\u00a0 tyutorlar, MPJ basl\u0131qlar\u0131, taraw q\u00e1nigeleri qatnas\u0131nda Berdaq at\u0131nda\u01f5\u0131 Qaraqalpaq m\u00e1mleketlik universitetinde g\u00faz-q\u0131s m\u00e1wsimine tayarl\u0131q k\u00f3riw ilajlar\u0131na ba\u01f5\u0131shlan\u01f5an [&hellip;]<\/p>\n","protected":false},"author":87,"featured_media":10642,"comment_status":"closed","ping_status":"closed","sticky":false,"template":"","format":"standard","meta":{"footnotes":""},"categories":[1,3],"tags":[],"class_list":["post-10638","post","type-post","status-publish","format-standard","has-post-thumbnail","hentry","category-ads","category-news"],"_links":{"self":[{"href":"https:\/\/uzdjtsunf.uz\/qq\/wp-json\/wp\/v2\/posts\/10638","targetHints":{"allow":["GET"]}}],"collection":[{"href":"https:\/\/uzdjtsunf.uz\/qq\/wp-json\/wp\/v2\/posts"}],"about":[{"href":"https:\/\/uzdjtsunf.uz\/qq\/wp-json\/wp\/v2\/types\/post"}],"author":[{"embeddable":true,"href":"https:\/\/uzdjtsunf.uz\/qq\/wp-json\/wp\/v2\/users\/87"}],"replies":[{"embeddable":true,"href":"https:\/\/uzdjtsunf.uz\/qq\/wp-json\/wp\/v2\/comments?post=10638"}],"version-history":[{"count":1,"href":"https:\/\/uzdjtsunf.uz\/qq\/wp-json\/wp\/v2\/posts\/10638\/revisions"}],"predecessor-version":[{"id":10643,"href":"https:\/\/uzdjtsunf.uz\/qq\/wp-json\/wp\/v2\/posts\/10638\/revisions\/10643"}],"wp:featuredmedia":[{"embeddable":true,"href":"https:\/\/uzdjtsunf.uz\/qq\/wp-json\/wp\/v2\/media\/10642"}],"wp:attachment":[{"href":"https:\/\/uzdjtsunf.uz\/qq\/wp-json\/wp\/v2\/media?parent=10638"}],"wp:term":[{"taxonomy":"category","embeddable":true,"href":"https:\/\/uzdjtsunf.uz\/qq\/wp-json\/wp\/v2\/categories?post=10638"},{"taxonomy":"post_tag","embeddable":true,"href":"https:\/\/uzdjtsunf.uz\/qq\/wp-json\/wp\/v2\/tags?post=10638"}],"curies":[{"name":"wp","href":"https:\/\/api.w.org\/{rel}","templated":true}]}}