{"id":10675,"date":"2023-10-20T17:57:19","date_gmt":"2023-10-20T12:57:19","guid":{"rendered":"https:\/\/uzdjtsunf.uz\/?p=10675"},"modified":"2023-10-20T17:57:19","modified_gmt":"2023-10-20T12:57:19","slug":"komanda-a%c7%b5zalari-ozbekstan-koleminde-1-orin-ushin-bellesedi","status":"publish","type":"post","link":"https:\/\/uzdjtsunf.uz\/qq\/10675\/","title":{"rendered":"Komanda a\u01f5zalar\u0131 \u00d3zbekstan k\u00f3leminde 1-or\u0131n ush\u0131n bellesedi"},"content":{"rendered":"<p><\/p>\n\n\t\t<style type=\"text\/css\">\n\t\t\t#gallery-1 {\n\t\t\t\tmargin: auto;\n\t\t\t}\n\t\t\t#gallery-1 .gallery-item {\n\t\t\t\tfloat: left;\n\t\t\t\tmargin-top: 10px;\n\t\t\t\ttext-align: center;\n\t\t\t\twidth: 100%;\n\t\t\t}\n\t\t\t#gallery-1 img {\n\t\t\t\tborder: 2px solid #cfcfcf;\n\t\t\t}\n\t\t\t#gallery-1 .gallery-caption {\n\t\t\t\tmargin-left: 0;\n\t\t\t}\n\t\t\t\/* see gallery_shortcode() in wp-includes\/media.php *\/\n\t\t<\/style>\n\t\t<div id='gallery-1' class='gallery galleryid-10675 gallery-columns-1 gallery-size-full'><dl class='gallery-item'>\n\t\t\t<dt class='gallery-icon landscape'>\n\t\t\t\t<a href='https:\/\/uzdjtsunf.uz\/qq\/10675\/1111-4\/'><img loading=\"lazy\" decoding=\"async\" width=\"1271\" height=\"549\" src=\"https:\/\/uzdjtsunf.uz\/wp-content\/uploads\/2023\/10\/1111.jpg\" class=\"attachment-full size-full\" alt=\"\" srcset=\"https:\/\/uzdjtsunf.uz\/wp-content\/uploads\/2023\/10\/1111.jpg 1271w, https:\/\/uzdjtsunf.uz\/wp-content\/uploads\/2023\/10\/1111-300x130.jpg 300w, https:\/\/uzdjtsunf.uz\/wp-content\/uploads\/2023\/10\/1111-1024x442.jpg 1024w, https:\/\/uzdjtsunf.uz\/wp-content\/uploads\/2023\/10\/1111-768x332.jpg 768w\" sizes=\"auto, (max-width: 1271px) 100vw, 1271px\" \/><\/a>\n\t\t\t<\/dt><\/dl><br style=\"clear: both\" \/>\n\t\t<\/div>\n\n<p style=\"text-align: justify;\"><span style=\"font-family: 'times new roman', times, serif; font-size: 14pt;\">\u201cBes baslama olimpiadas\u0131\u201d she\u0144berinde\u00a0 sportt\u0131\u0144 voleybol t\u00farinen Qaraqalpaqstan Respublikas\u0131 joqar\u0131 oq\u0131w or\u0131nlar\u0131 studentlerini\u0144 er balalar\u0131 aras\u0131nda jar\u0131s bol\u0131p \u00f3tti.<\/span><\/p>\n\n\t\t<style type=\"text\/css\">\n\t\t\t#gallery-2 {\n\t\t\t\tmargin: auto;\n\t\t\t}\n\t\t\t#gallery-2 .gallery-item {\n\t\t\t\tfloat: left;\n\t\t\t\tmargin-top: 10px;\n\t\t\t\ttext-align: center;\n\t\t\t\twidth: 100%;\n\t\t\t}\n\t\t\t#gallery-2 img {\n\t\t\t\tborder: 2px solid #cfcfcf;\n\t\t\t}\n\t\t\t#gallery-2 .gallery-caption {\n\t\t\t\tmargin-left: 0;\n\t\t\t}\n\t\t\t\/* see gallery_shortcode() in wp-includes\/media.php *\/\n\t\t<\/style>\n\t\t<div id='gallery-2' class='gallery galleryid-10675 gallery-columns-1 gallery-size-full'><dl class='gallery-item'>\n\t\t\t<dt class='gallery-icon landscape'>\n\t\t\t\t<a href='https:\/\/uzdjtsunf.uz\/qq\/10675\/5555-3\/'><img loading=\"lazy\" decoding=\"async\" width=\"1237\" height=\"513\" src=\"https:\/\/uzdjtsunf.uz\/wp-content\/uploads\/2023\/10\/5555-2.jpg\" class=\"attachment-full size-full\" alt=\"\" srcset=\"https:\/\/uzdjtsunf.uz\/wp-content\/uploads\/2023\/10\/5555-2.jpg 1237w, https:\/\/uzdjtsunf.uz\/wp-content\/uploads\/2023\/10\/5555-2-300x124.jpg 300w, https:\/\/uzdjtsunf.uz\/wp-content\/uploads\/2023\/10\/5555-2-1024x425.jpg 1024w, https:\/\/uzdjtsunf.uz\/wp-content\/uploads\/2023\/10\/5555-2-768x318.jpg 768w\" sizes=\"auto, (max-width: 1237px) 100vw, 1237px\" \/><\/a>\n\t\t\t<\/dt><\/dl><br style=\"clear: both\" \/>\n\t\t<\/div>\n\n<p style=\"text-align: justify;\"><span style=\"font-family: 'times new roman', times, serif; font-size: 14pt;\">Jar\u0131sta \u00d3zbekstan m\u00e1mleketlik dene t\u00e1rbiyas\u0131 h\u00e1m sport universiteti N\u00f3kis filial\u0131 studentleri aras\u0131nan d\u00fazilgen sayland\u0131 komandas\u0131 \u00f3zlerini\u0144 shaqqanl\u0131\u01f5\u0131 menen h\u00e1r bir oy\u0131nda qars\u0131las komanda a\u01f5zalar\u0131nan \u00fastin keldi.<\/span><\/p>\n\n\t\t<style type=\"text\/css\">\n\t\t\t#gallery-3 {\n\t\t\t\tmargin: auto;\n\t\t\t}\n\t\t\t#gallery-3 .gallery-item {\n\t\t\t\tfloat: left;\n\t\t\t\tmargin-top: 10px;\n\t\t\t\ttext-align: center;\n\t\t\t\twidth: 100%;\n\t\t\t}\n\t\t\t#gallery-3 img {\n\t\t\t\tborder: 2px solid #cfcfcf;\n\t\t\t}\n\t\t\t#gallery-3 .gallery-caption {\n\t\t\t\tmargin-left: 0;\n\t\t\t}\n\t\t\t\/* see gallery_shortcode() in wp-includes\/media.php *\/\n\t\t<\/style>\n\t\t<div id='gallery-3' class='gallery galleryid-10675 gallery-columns-1 gallery-size-full'><dl class='gallery-item'>\n\t\t\t<dt class='gallery-icon landscape'>\n\t\t\t\t<a href='https:\/\/uzdjtsunf.uz\/qq\/10675\/22222-4\/'><img loading=\"lazy\" decoding=\"async\" width=\"1271\" height=\"584\" src=\"https:\/\/uzdjtsunf.uz\/wp-content\/uploads\/2023\/10\/22222-1.jpg\" class=\"attachment-full size-full\" alt=\"\" srcset=\"https:\/\/uzdjtsunf.uz\/wp-content\/uploads\/2023\/10\/22222-1.jpg 1271w, https:\/\/uzdjtsunf.uz\/wp-content\/uploads\/2023\/10\/22222-1-300x138.jpg 300w, https:\/\/uzdjtsunf.uz\/wp-content\/uploads\/2023\/10\/22222-1-1024x471.jpg 1024w, https:\/\/uzdjtsunf.uz\/wp-content\/uploads\/2023\/10\/22222-1-768x353.jpg 768w\" sizes=\"auto, (max-width: 1271px) 100vw, 1271px\" \/><\/a>\n\t\t\t<\/dt><\/dl><br style=\"clear: both\" \/>\n\t\t<\/div>\n\n<p style=\"text-align: justify;\"><span style=\"font-family: 'times new roman', times, serif; font-size: 14pt;\">Finalda NMPI komandas\u0131 a\u01f5zalar\u0131n 2:0 esabi menen izde qald\u0131rd\u0131.<\/span><\/p>\n<p style=\"text-align: justify;\"><span style=\"font-family: 'times new roman', times, serif; font-size: 14pt;\">Jar\u0131s juwma\u01f5\u0131nda filial komandas\u0131 \u00d3zbekstan k\u00f3leminde bol\u0131p \u00f3tetu\u01f5\u0131n respublikal\u0131q basq\u0131sh\u0131na jollama ald\u0131.<\/span><\/p>\n\n\t\t<style type=\"text\/css\">\n\t\t\t#gallery-4 {\n\t\t\t\tmargin: auto;\n\t\t\t}\n\t\t\t#gallery-4 .gallery-item {\n\t\t\t\tfloat: left;\n\t\t\t\tmargin-top: 10px;\n\t\t\t\ttext-align: center;\n\t\t\t\twidth: 100%;\n\t\t\t}\n\t\t\t#gallery-4 img {\n\t\t\t\tborder: 2px solid #cfcfcf;\n\t\t\t}\n\t\t\t#gallery-4 .gallery-caption {\n\t\t\t\tmargin-left: 0;\n\t\t\t}\n\t\t\t\/* see gallery_shortcode() in wp-includes\/media.php *\/\n\t\t<\/style>\n\t\t<div id='gallery-4' class='gallery galleryid-10675 gallery-columns-1 gallery-size-full'><dl class='gallery-item'>\n\t\t\t<dt class='gallery-icon landscape'>\n\t\t\t\t<a href='https:\/\/uzdjtsunf.uz\/qq\/10675\/3333-6\/'><img loading=\"lazy\" decoding=\"async\" width=\"1271\" height=\"595\" src=\"https:\/\/uzdjtsunf.uz\/wp-content\/uploads\/2023\/10\/3333-2.jpg\" class=\"attachment-full size-full\" alt=\"\" srcset=\"https:\/\/uzdjtsunf.uz\/wp-content\/uploads\/2023\/10\/3333-2.jpg 1271w, https:\/\/uzdjtsunf.uz\/wp-content\/uploads\/2023\/10\/3333-2-300x140.jpg 300w, https:\/\/uzdjtsunf.uz\/wp-content\/uploads\/2023\/10\/3333-2-1024x479.jpg 1024w, https:\/\/uzdjtsunf.uz\/wp-content\/uploads\/2023\/10\/3333-2-768x360.jpg 768w\" sizes=\"auto, (max-width: 1271px) 100vw, 1271px\" \/><\/a>\n\t\t\t<\/dt><\/dl><br style=\"clear: both\" \/>\n\t\t<\/div>\n\n<p style=\"text-align: justify;\"><span style=\"font-family: 'times new roman', times, serif; font-size: 14pt;\">Komanda a\u01f5zalar\u0131n jar\u0131sqa trenerlerden B.Tab\u0131nbaev, T.Nawbetullaev, I.Allayarov h\u00e1m Q.Qallievlar tayarlad\u0131.<\/span><\/p>\n<p style=\"text-align: right;\"><strong><span style=\"font-family: 'times new roman', times, serif; font-size: 14pt;\">Filial Baspas\u00f3z x\u0131zmeti.<\/span><\/strong><\/p>\n<p><\/p>","protected":false},"excerpt":{"rendered":"<p>\u201cBes baslama olimpiadas\u0131\u201d she\u0144berinde\u00a0 sportt\u0131\u0144 voleybol t\u00farinen Qaraqalpaqstan Respublikas\u0131 joqar\u0131 oq\u0131w or\u0131nlar\u0131 studentlerini\u0144 er balalar\u0131 aras\u0131nda jar\u0131s bol\u0131p \u00f3tti. Jar\u0131sta \u00d3zbekstan m\u00e1mleketlik dene t\u00e1rbiyas\u0131 h\u00e1m sport universiteti N\u00f3kis filial\u0131 studentleri aras\u0131nan d\u00fazilgen sayland\u0131 komandas\u0131 \u00f3zlerini\u0144 shaqqanl\u0131\u01f5\u0131 menen h\u00e1r bir oy\u0131nda qars\u0131las komanda a\u01f5zalar\u0131nan \u00fastin keldi. Finalda NMPI komandas\u0131 a\u01f5zalar\u0131n 2:0 esabi menen izde qald\u0131rd\u0131. Jar\u0131s [&hellip;]<\/p>\n","protected":false},"author":87,"featured_media":10679,"comment_status":"closed","ping_status":"closed","sticky":false,"template":"","format":"standard","meta":{"footnotes":""},"categories":[1,3],"tags":[],"class_list":["post-10675","post","type-post","status-publish","format-standard","has-post-thumbnail","hentry","category-ads","category-news"],"_links":{"self":[{"href":"https:\/\/uzdjtsunf.uz\/qq\/wp-json\/wp\/v2\/posts\/10675","targetHints":{"allow":["GET"]}}],"collection":[{"href":"https:\/\/uzdjtsunf.uz\/qq\/wp-json\/wp\/v2\/posts"}],"about":[{"href":"https:\/\/uzdjtsunf.uz\/qq\/wp-json\/wp\/v2\/types\/post"}],"author":[{"embeddable":true,"href":"https:\/\/uzdjtsunf.uz\/qq\/wp-json\/wp\/v2\/users\/87"}],"replies":[{"embeddable":true,"href":"https:\/\/uzdjtsunf.uz\/qq\/wp-json\/wp\/v2\/comments?post=10675"}],"version-history":[{"count":1,"href":"https:\/\/uzdjtsunf.uz\/qq\/wp-json\/wp\/v2\/posts\/10675\/revisions"}],"predecessor-version":[{"id":10680,"href":"https:\/\/uzdjtsunf.uz\/qq\/wp-json\/wp\/v2\/posts\/10675\/revisions\/10680"}],"wp:featuredmedia":[{"embeddable":true,"href":"https:\/\/uzdjtsunf.uz\/qq\/wp-json\/wp\/v2\/media\/10679"}],"wp:attachment":[{"href":"https:\/\/uzdjtsunf.uz\/qq\/wp-json\/wp\/v2\/media?parent=10675"}],"wp:term":[{"taxonomy":"category","embeddable":true,"href":"https:\/\/uzdjtsunf.uz\/qq\/wp-json\/wp\/v2\/categories?post=10675"},{"taxonomy":"post_tag","embeddable":true,"href":"https:\/\/uzdjtsunf.uz\/qq\/wp-json\/wp\/v2\/tags?post=10675"}],"curies":[{"name":"wp","href":"https:\/\/api.w.org\/{rel}","templated":true}]}}