{"id":10815,"date":"2023-11-01T16:25:19","date_gmt":"2023-11-01T11:25:19","guid":{"rendered":"https:\/\/uzdjtsunf.uz\/?p=10815"},"modified":"2023-11-01T16:43:11","modified_gmt":"2023-11-01T11:43:11","slug":"filial-direktori-ellikqalali-jaslardin-ja%c7%b5daylarinan-xabar-aldi","status":"publish","type":"post","link":"https:\/\/uzdjtsunf.uz\/qq\/10815\/","title":{"rendered":"Filial direktor\u0131 ellikqalal\u0131 jaslard\u0131\u0144 ja\u01f5daylar\u0131nan xabar ald\u0131"},"content":{"rendered":"<p><\/p>\n\n\t\t<style type=\"text\/css\">\n\t\t\t#gallery-1 {\n\t\t\t\tmargin: auto;\n\t\t\t}\n\t\t\t#gallery-1 .gallery-item {\n\t\t\t\tfloat: left;\n\t\t\t\tmargin-top: 10px;\n\t\t\t\ttext-align: center;\n\t\t\t\twidth: 100%;\n\t\t\t}\n\t\t\t#gallery-1 img {\n\t\t\t\tborder: 2px solid #cfcfcf;\n\t\t\t}\n\t\t\t#gallery-1 .gallery-caption {\n\t\t\t\tmargin-left: 0;\n\t\t\t}\n\t\t\t\/* see gallery_shortcode() in wp-includes\/media.php *\/\n\t\t<\/style>\n\t\t<div id='gallery-1' class='gallery galleryid-10815 gallery-columns-1 gallery-size-full'><dl class='gallery-item'>\n\t\t\t<dt class='gallery-icon landscape'>\n\t\t\t\t<a href='https:\/\/uzdjtsunf.uz\/qq\/10815\/22-4\/'><img loading=\"lazy\" decoding=\"async\" width=\"1276\" height=\"671\" src=\"https:\/\/uzdjtsunf.uz\/wp-content\/uploads\/2023\/11\/22.jpg\" class=\"attachment-full size-full\" alt=\"\" srcset=\"https:\/\/uzdjtsunf.uz\/wp-content\/uploads\/2023\/11\/22.jpg 1276w, https:\/\/uzdjtsunf.uz\/wp-content\/uploads\/2023\/11\/22-300x158.jpg 300w, https:\/\/uzdjtsunf.uz\/wp-content\/uploads\/2023\/11\/22-1024x538.jpg 1024w, https:\/\/uzdjtsunf.uz\/wp-content\/uploads\/2023\/11\/22-768x404.jpg 768w\" sizes=\"auto, (max-width: 1276px) 100vw, 1276px\" \/><\/a>\n\t\t\t<\/dt><\/dl><br style=\"clear: both\" \/>\n\t\t<\/div>\n\n<p style=\"text-align: justify;\"><span style=\"font-family: 'times new roman', times, serif; font-size: 14pt;\">\u00a0Us\u0131 j\u0131ld\u0131\u0144 11-aprel k\u00fani \u00d3zbekstan Respublikas\u0131 Prezidenti Shavkat Mirziyoevti\u0144 bassh\u0131l\u0131\u01f5\u0131nda \u00abJaslar siyasat\u0131 taraw\u0131nda\u01f5\u0131 jum\u0131slard\u0131\u0144 n\u00e1tiyjeliligin artt\u0131r\u0131w ilajlar\u0131 boy\u0131nsha\u00bb videoselektor m\u00e1jilisi bol\u0131p, onda tiyisli ministrlik h\u00e1m sh\u00f3lkem bassh\u0131lar\u0131na jaslard\u0131\u0144 b\u00e1ntligin t\u00e1miyinlew, olard\u0131\u0144 mashqalalar\u0131n \u00fayreniw h\u00e1m on\u0131 sheshiwge j\u00e1rdemlesiw boy\u0131nsha bir qatar taps\u0131rmalar berilgen edi.<\/span><\/p>\n\n\t\t<style type=\"text\/css\">\n\t\t\t#gallery-2 {\n\t\t\t\tmargin: auto;\n\t\t\t}\n\t\t\t#gallery-2 .gallery-item {\n\t\t\t\tfloat: left;\n\t\t\t\tmargin-top: 10px;\n\t\t\t\ttext-align: center;\n\t\t\t\twidth: 100%;\n\t\t\t}\n\t\t\t#gallery-2 img {\n\t\t\t\tborder: 2px solid #cfcfcf;\n\t\t\t}\n\t\t\t#gallery-2 .gallery-caption {\n\t\t\t\tmargin-left: 0;\n\t\t\t}\n\t\t\t\/* see gallery_shortcode() in wp-includes\/media.php *\/\n\t\t<\/style>\n\t\t<div id='gallery-2' class='gallery galleryid-10815 gallery-columns-1 gallery-size-full'><dl class='gallery-item'>\n\t\t\t<dt class='gallery-icon landscape'>\n\t\t\t\t<a href='https:\/\/uzdjtsunf.uz\/qq\/10815\/33-3\/'><img loading=\"lazy\" decoding=\"async\" width=\"1276\" height=\"702\" src=\"https:\/\/uzdjtsunf.uz\/wp-content\/uploads\/2023\/11\/33.jpg\" class=\"attachment-full size-full\" alt=\"\" srcset=\"https:\/\/uzdjtsunf.uz\/wp-content\/uploads\/2023\/11\/33.jpg 1276w, https:\/\/uzdjtsunf.uz\/wp-content\/uploads\/2023\/11\/33-300x165.jpg 300w, https:\/\/uzdjtsunf.uz\/wp-content\/uploads\/2023\/11\/33-1024x563.jpg 1024w, https:\/\/uzdjtsunf.uz\/wp-content\/uploads\/2023\/11\/33-768x423.jpg 768w\" sizes=\"auto, (max-width: 1276px) 100vw, 1276px\" \/><\/a>\n\t\t\t<\/dt><\/dl><br style=\"clear: both\" \/>\n\t\t<\/div>\n\n<p style=\"text-align: justify;\"><span style=\"font-family: 'times new roman', times, serif; font-size: 14pt;\">\u00a0M\u00e1jiliste k\u00f3terilgen m\u00e1selelerden kelip sh\u0131\u01f5\u0131p \u00d3zbekstan m\u00e1mleketlik dene t\u00e1rbiyas\u0131 h\u00e1m sport universiteti N\u00f3kis filial\u0131 direktor\u0131, professor Erimbetov Bayrambay Karl\u0131baevichke Ellikqala rayon\u0131nda jasawsh\u0131 22 waq\u0131tsha jum\u0131ss\u0131z h\u00e1m may\u0131pl\u0131\u01f5\u0131 bol\u01f5an jaslar biriktirildi.<\/span><\/p>\n\n\t\t<style type=\"text\/css\">\n\t\t\t#gallery-3 {\n\t\t\t\tmargin: auto;\n\t\t\t}\n\t\t\t#gallery-3 .gallery-item {\n\t\t\t\tfloat: left;\n\t\t\t\tmargin-top: 10px;\n\t\t\t\ttext-align: center;\n\t\t\t\twidth: 100%;\n\t\t\t}\n\t\t\t#gallery-3 img {\n\t\t\t\tborder: 2px solid #cfcfcf;\n\t\t\t}\n\t\t\t#gallery-3 .gallery-caption {\n\t\t\t\tmargin-left: 0;\n\t\t\t}\n\t\t\t\/* see gallery_shortcode() in wp-includes\/media.php *\/\n\t\t<\/style>\n\t\t<div id='gallery-3' class='gallery galleryid-10815 gallery-columns-1 gallery-size-full'><dl class='gallery-item'>\n\t\t\t<dt class='gallery-icon landscape'>\n\t\t\t\t<a href='https:\/\/uzdjtsunf.uz\/qq\/10815\/11-2\/'><img loading=\"lazy\" decoding=\"async\" width=\"1276\" height=\"673\" src=\"https:\/\/uzdjtsunf.uz\/wp-content\/uploads\/2023\/11\/11.jpg\" class=\"attachment-full size-full\" alt=\"\" srcset=\"https:\/\/uzdjtsunf.uz\/wp-content\/uploads\/2023\/11\/11.jpg 1276w, https:\/\/uzdjtsunf.uz\/wp-content\/uploads\/2023\/11\/11-300x158.jpg 300w, https:\/\/uzdjtsunf.uz\/wp-content\/uploads\/2023\/11\/11-1024x540.jpg 1024w, https:\/\/uzdjtsunf.uz\/wp-content\/uploads\/2023\/11\/11-768x405.jpg 768w\" sizes=\"auto, (max-width: 1276px) 100vw, 1276px\" \/><\/a>\n\t\t\t<\/dt><\/dl><br style=\"clear: both\" \/>\n\t\t<\/div>\n\n<p style=\"text-align: justify;\"><span style=\"font-family: 'times new roman', times, serif; font-size: 14pt;\">\u00a0B\u00fagin filial direktor\u0131, professor B.Erimbetov \u00f3zine biriktirilgen ellikqalal\u0131 jaslard\u0131\u0144 hal-ja\u01f5daylar\u0131nan xabar ald\u0131 h\u00e1m \u00abQabatqala\u00bb m\u00e1kan puqaralar j\u0131y\u0131n\u0131 ayma\u01f5\u0131nada jasawsh\u0131 E.Yusupovqa 1 million sum materiall\u0131q j\u00e1rdem pul\u0131 berildi.\u00a0<\/span><\/p>\n\n\t\t<style type=\"text\/css\">\n\t\t\t#gallery-4 {\n\t\t\t\tmargin: auto;\n\t\t\t}\n\t\t\t#gallery-4 .gallery-item {\n\t\t\t\tfloat: left;\n\t\t\t\tmargin-top: 10px;\n\t\t\t\ttext-align: center;\n\t\t\t\twidth: 100%;\n\t\t\t}\n\t\t\t#gallery-4 img {\n\t\t\t\tborder: 2px solid #cfcfcf;\n\t\t\t}\n\t\t\t#gallery-4 .gallery-caption {\n\t\t\t\tmargin-left: 0;\n\t\t\t}\n\t\t\t\/* see gallery_shortcode() in wp-includes\/media.php *\/\n\t\t<\/style>\n\t\t<div id='gallery-4' class='gallery galleryid-10815 gallery-columns-1 gallery-size-full'><dl class='gallery-item'>\n\t\t\t<dt class='gallery-icon landscape'>\n\t\t\t\t<a href='https:\/\/uzdjtsunf.uz\/qq\/10815\/attachment\/44\/'><img loading=\"lazy\" decoding=\"async\" width=\"1276\" height=\"706\" src=\"https:\/\/uzdjtsunf.uz\/wp-content\/uploads\/2023\/11\/44.jpg\" class=\"attachment-full size-full\" alt=\"\" srcset=\"https:\/\/uzdjtsunf.uz\/wp-content\/uploads\/2023\/11\/44.jpg 1276w, https:\/\/uzdjtsunf.uz\/wp-content\/uploads\/2023\/11\/44-300x166.jpg 300w, https:\/\/uzdjtsunf.uz\/wp-content\/uploads\/2023\/11\/44-1024x567.jpg 1024w, https:\/\/uzdjtsunf.uz\/wp-content\/uploads\/2023\/11\/44-768x425.jpg 768w\" sizes=\"auto, (max-width: 1276px) 100vw, 1276px\" \/><\/a>\n\t\t\t<\/dt><\/dl><br style=\"clear: both\" \/>\n\t\t<\/div>\n\n<p style=\"text-align: justify;\"><span style=\"font-family: 'times new roman', times, serif; font-size: 14pt;\">\u00a0Ma\u01f5l\u0131wmat orn\u0131nda, us\u0131 k\u00fange shekem filial t\u00e1repinen rayonda\u01f5\u0131 \u00abAqshak\u00f3l\u00bb, \u00abQabatqala\u00bb, \u00abShopan\u00bb, \u00abIstiqlol\u00bb h\u00e1m \u00abTashkent\u00bb m\u00e1kan puqaralar j\u0131y\u0131n\u0131 ayma\u01f5\u0131nada jasawsh\u0131 sociall\u0131q j\u00e1rdemge m\u00fat\u00e1j 1 jasqa zamanag\u00f3y elektromay\u0131pl\u0131q arbashas\u0131, 1 tigiw mashinas\u0131, altaw\u0131na 2,5 mln sumnan materiall\u0131q j\u00e1rdem pul\u0131 h\u00e1m 10 jasqa zamanag\u00f3y kompyuter toplamlar\u0131 berilgen edi.<\/span><\/p>\n<p style=\"text-align: right;\"><strong><span style=\"font-family: 'times new roman', times, serif; font-size: 14pt;\">\u00a0<\/span><span style=\"font-family: 'times new roman', times, serif; font-size: 14pt;\">Filial Baspas\u00f3z x\u0131zmeti.<\/span><\/strong><\/p>\n<p><\/p>","protected":false},"excerpt":{"rendered":"<p>\u00a0Us\u0131 j\u0131ld\u0131\u0144 11-aprel k\u00fani \u00d3zbekstan Respublikas\u0131 Prezidenti Shavkat Mirziyoevti\u0144 bassh\u0131l\u0131\u01f5\u0131nda \u00abJaslar siyasat\u0131 taraw\u0131nda\u01f5\u0131 jum\u0131slard\u0131\u0144 n\u00e1tiyjeliligin artt\u0131r\u0131w ilajlar\u0131 boy\u0131nsha\u00bb videoselektor m\u00e1jilisi bol\u0131p, onda tiyisli ministrlik h\u00e1m sh\u00f3lkem bassh\u0131lar\u0131na jaslard\u0131\u0144 b\u00e1ntligin t\u00e1miyinlew, olard\u0131\u0144 mashqalalar\u0131n \u00fayreniw h\u00e1m on\u0131 sheshiwge j\u00e1rdemlesiw boy\u0131nsha bir qatar taps\u0131rmalar berilgen edi. \u00a0M\u00e1jiliste k\u00f3terilgen m\u00e1selelerden kelip sh\u0131\u01f5\u0131p \u00d3zbekstan m\u00e1mleketlik dene t\u00e1rbiyas\u0131 h\u00e1m sport universiteti [&hellip;]<\/p>\n","protected":false},"author":87,"featured_media":10820,"comment_status":"closed","ping_status":"closed","sticky":false,"template":"","format":"standard","meta":{"footnotes":""},"categories":[1,3],"tags":[],"class_list":["post-10815","post","type-post","status-publish","format-standard","has-post-thumbnail","hentry","category-ads","category-news"],"_links":{"self":[{"href":"https:\/\/uzdjtsunf.uz\/qq\/wp-json\/wp\/v2\/posts\/10815","targetHints":{"allow":["GET"]}}],"collection":[{"href":"https:\/\/uzdjtsunf.uz\/qq\/wp-json\/wp\/v2\/posts"}],"about":[{"href":"https:\/\/uzdjtsunf.uz\/qq\/wp-json\/wp\/v2\/types\/post"}],"author":[{"embeddable":true,"href":"https:\/\/uzdjtsunf.uz\/qq\/wp-json\/wp\/v2\/users\/87"}],"replies":[{"embeddable":true,"href":"https:\/\/uzdjtsunf.uz\/qq\/wp-json\/wp\/v2\/comments?post=10815"}],"version-history":[{"count":2,"href":"https:\/\/uzdjtsunf.uz\/qq\/wp-json\/wp\/v2\/posts\/10815\/revisions"}],"predecessor-version":[{"id":10822,"href":"https:\/\/uzdjtsunf.uz\/qq\/wp-json\/wp\/v2\/posts\/10815\/revisions\/10822"}],"wp:featuredmedia":[{"embeddable":true,"href":"https:\/\/uzdjtsunf.uz\/qq\/wp-json\/wp\/v2\/media\/10820"}],"wp:attachment":[{"href":"https:\/\/uzdjtsunf.uz\/qq\/wp-json\/wp\/v2\/media?parent=10815"}],"wp:term":[{"taxonomy":"category","embeddable":true,"href":"https:\/\/uzdjtsunf.uz\/qq\/wp-json\/wp\/v2\/categories?post=10815"},{"taxonomy":"post_tag","embeddable":true,"href":"https:\/\/uzdjtsunf.uz\/qq\/wp-json\/wp\/v2\/tags?post=10815"}],"curies":[{"name":"wp","href":"https:\/\/api.w.org\/{rel}","templated":true}]}}