{"id":11032,"date":"2023-11-17T09:51:00","date_gmt":"2023-11-17T04:51:00","guid":{"rendered":"https:\/\/uzdjtsunf.uz\/?p=11032"},"modified":"2023-11-17T09:51:00","modified_gmt":"2023-11-17T04:51:00","slug":"studentler-kuni-qalay-payda-bol%c7%b5an","status":"publish","type":"post","link":"https:\/\/uzdjtsunf.uz\/qq\/11032\/","title":{"rendered":"Studentler k\u00fani qalay payda bol\u01f5an"},"content":{"rendered":"<p><\/p>\n\n\t\t<style type=\"text\/css\">\n\t\t\t#gallery-1 {\n\t\t\t\tmargin: auto;\n\t\t\t}\n\t\t\t#gallery-1 .gallery-item {\n\t\t\t\tfloat: left;\n\t\t\t\tmargin-top: 10px;\n\t\t\t\ttext-align: center;\n\t\t\t\twidth: 100%;\n\t\t\t}\n\t\t\t#gallery-1 img {\n\t\t\t\tborder: 2px solid #cfcfcf;\n\t\t\t}\n\t\t\t#gallery-1 .gallery-caption {\n\t\t\t\tmargin-left: 0;\n\t\t\t}\n\t\t\t\/* see gallery_shortcode() in wp-includes\/media.php *\/\n\t\t<\/style>\n\t\t<div id='gallery-1' class='gallery galleryid-11032 gallery-columns-1 gallery-size-full'><dl class='gallery-item'>\n\t\t\t<dt class='gallery-icon landscape'>\n\t\t\t\t<a href='https:\/\/uzdjtsunf.uz\/qq\/11032\/bez-nazvaniya-2\/'><img loading=\"lazy\" decoding=\"async\" width=\"275\" height=\"183\" src=\"https:\/\/uzdjtsunf.uz\/wp-content\/uploads\/2023\/11\/bez-nazvaniya.jpg\" class=\"attachment-full size-full\" alt=\"\" \/><\/a>\n\t\t\t<\/dt><\/dl><br style=\"clear: both\" \/>\n\t\t<\/div>\n\n<p style=\"text-align: justify;\"><span style=\"font-family: 'times new roman', times, serif; font-size: 14pt;\">H\u00e1r j\u0131l\u0131 17-noyabr &#8211; Xal\u0131qaral\u0131q studentler k\u00fani bayram s\u0131pat\u0131nda belgilenedi. Bul k\u00fan 1941-j\u0131l\u0131 Londonda fashizmge qars\u0131 g\u00faresip at\u0131r\u01f5an studentlerdi\u0144 ush\u0131ras\u0131w\u0131 waqt\u0131nda engizilgen. Biraq, bul bayram bir neshe j\u0131ldan keyin, ya\u01f5n\u0131y, 1946-j\u0131ldan bayramlan\u0131p baslan\u01f5an. Bayram chexiyal\u0131q patriot studentlerdi\u0144 esteligine ba\u01f5\u0131shlan\u0131p engizilgen.<\/span><\/p>\n<p style=\"text-align: justify;\"><span style=\"font-family: 'times new roman', times, serif; font-size: 14pt;\">1946-j\u0131l 17-noyabr k\u00fani Praga qalas\u0131nda Xal\u0131qaral\u0131q studentler kongressinde tast\u0131y\u0131qlan\u01f5an. Lekin on\u0131\u0144 tariyx\u0131 ekinshi jer j\u00fazilik ur\u0131s\u0131 waqt\u0131nda Shexoslavakiyada baslan\u01f5an bax\u0131ts\u0131z h\u00e1diyse menen baylan\u0131sl\u0131. 1939-j\u0131l 28-oktyabr k\u00fani fashistler t\u00e1repinen Shexoslovakiyan\u0131\u0144 Praga qalas\u0131nda\u01f5\u0131 studentler h\u00e1m olard\u0131\u0144 oq\u0131t\u0131wsh\u0131lar\u0131 Shexoslavakiya m\u00e1mleketini\u0144 t\u00e1lim bayram\u0131n (1918-j\u0131l 28- oktyabr) bayramlaw ush\u0131n k\u00f3teriliske sh\u0131\u01f5ad\u0131. Basq\u0131nsh\u0131lar k\u00f3terilisshilerdi tarqat\u0131p jiberedi. Lekin, sol qoz\u01f5ala\u0144da medicina fakultetini\u0144 studenti Yan Opletal at\u0131p \u00f3ltirilgen.<\/span><\/p>\n<p style=\"text-align: justify;\"><span style=\"font-family: 'times new roman', times, serif; font-size: 14pt;\">1939-yil 15-noyabr Yan Opletald\u0131 jerlew m\u00e1resimi naraz\u0131l\u0131q qoz\u01f5ala\u0144\u0131na aylan\u0131p ketedi.<\/span><\/p>\n<p style=\"text-align: justify;\"><span style=\"font-family: 'times new roman', times, serif; font-size: 14pt;\">\u00a0So\u0144 ur\u0131st\u0131\u0144 aq\u0131r\u0131na shekem Shexiyada\u01f5\u0131 h\u00e1mme joqar\u0131 oq\u0131w or\u0131nlar\u0131 jab\u0131l\u01f5an. Bul waq\u0131yalar\u01f5a tiykarlan\u0131p Xal\u0131qaral\u0131q studentler kongressinde xal\u0131qaral\u0131q studentler k\u00fanin \u00f3tkeriw belgilenedi. H\u00e1zirgi k\u00fange kelip bul k\u00fandi d\u00fanya j\u00fazini\u0144 k\u00f3plegen m\u00e1mleketleri bayram s\u0131pat\u0131nda bayramlayd\u0131.<\/span><\/p>\n<p style=\"text-align: right;\"><strong><span style=\"font-family: 'times new roman', times, serif; font-size: 14pt;\">Filial Baspas\u00f3z x\u0131zmeti.<\/span><\/strong><\/p>\n<p><\/p>","protected":false},"excerpt":{"rendered":"<p>H\u00e1r j\u0131l\u0131 17-noyabr &#8211; Xal\u0131qaral\u0131q studentler k\u00fani bayram s\u0131pat\u0131nda belgilenedi. Bul k\u00fan 1941-j\u0131l\u0131 Londonda fashizmge qars\u0131 g\u00faresip at\u0131r\u01f5an studentlerdi\u0144 ush\u0131ras\u0131w\u0131 waqt\u0131nda engizilgen. Biraq, bul bayram bir neshe j\u0131ldan keyin, ya\u01f5n\u0131y, 1946-j\u0131ldan bayramlan\u0131p baslan\u01f5an. Bayram chexiyal\u0131q patriot studentlerdi\u0144 esteligine ba\u01f5\u0131shlan\u0131p engizilgen. 1946-j\u0131l 17-noyabr k\u00fani Praga qalas\u0131nda Xal\u0131qaral\u0131q studentler kongressinde tast\u0131y\u0131qlan\u01f5an. Lekin on\u0131\u0144 tariyx\u0131 ekinshi jer j\u00fazilik [&hellip;]<\/p>\n","protected":false},"author":87,"featured_media":11035,"comment_status":"closed","ping_status":"closed","sticky":false,"template":"","format":"standard","meta":{"footnotes":""},"categories":[1,3],"tags":[],"class_list":["post-11032","post","type-post","status-publish","format-standard","has-post-thumbnail","hentry","category-ads","category-news"],"_links":{"self":[{"href":"https:\/\/uzdjtsunf.uz\/qq\/wp-json\/wp\/v2\/posts\/11032","targetHints":{"allow":["GET"]}}],"collection":[{"href":"https:\/\/uzdjtsunf.uz\/qq\/wp-json\/wp\/v2\/posts"}],"about":[{"href":"https:\/\/uzdjtsunf.uz\/qq\/wp-json\/wp\/v2\/types\/post"}],"author":[{"embeddable":true,"href":"https:\/\/uzdjtsunf.uz\/qq\/wp-json\/wp\/v2\/users\/87"}],"replies":[{"embeddable":true,"href":"https:\/\/uzdjtsunf.uz\/qq\/wp-json\/wp\/v2\/comments?post=11032"}],"version-history":[{"count":1,"href":"https:\/\/uzdjtsunf.uz\/qq\/wp-json\/wp\/v2\/posts\/11032\/revisions"}],"predecessor-version":[{"id":11037,"href":"https:\/\/uzdjtsunf.uz\/qq\/wp-json\/wp\/v2\/posts\/11032\/revisions\/11037"}],"wp:featuredmedia":[{"embeddable":true,"href":"https:\/\/uzdjtsunf.uz\/qq\/wp-json\/wp\/v2\/media\/11035"}],"wp:attachment":[{"href":"https:\/\/uzdjtsunf.uz\/qq\/wp-json\/wp\/v2\/media?parent=11032"}],"wp:term":[{"taxonomy":"category","embeddable":true,"href":"https:\/\/uzdjtsunf.uz\/qq\/wp-json\/wp\/v2\/categories?post=11032"},{"taxonomy":"post_tag","embeddable":true,"href":"https:\/\/uzdjtsunf.uz\/qq\/wp-json\/wp\/v2\/tags?post=11032"}],"curies":[{"name":"wp","href":"https:\/\/api.w.org\/{rel}","templated":true}]}}