{"id":12720,"date":"2024-03-20T14:59:03","date_gmt":"2024-03-20T09:59:03","guid":{"rendered":"https:\/\/uzdjtsunf.uz\/?p=12720"},"modified":"2024-03-20T14:59:03","modified_gmt":"2024-03-20T09:59:03","slug":"milliy-kiyimler-korgizbesi-sholkemlestirildi","status":"publish","type":"post","link":"https:\/\/uzdjtsunf.uz\/qq\/12720\/","title":{"rendered":"Milliy kiyimler k\u00f3rgizbesi sh\u00f3lkemlestirildi"},"content":{"rendered":"<p><\/p>\n<p><img loading=\"lazy\" decoding=\"async\" class=\"alignnone size-full wp-image-12721\" src=\"https:\/\/uzdjtsunf.uz\/wp-content\/uploads\/2024\/03\/photo_2023-09-28_18-18-27.jpg\" alt=\"\" width=\"1280\" height=\"960\" srcset=\"https:\/\/uzdjtsunf.uz\/wp-content\/uploads\/2024\/03\/photo_2023-09-28_18-18-27.jpg 1280w, https:\/\/uzdjtsunf.uz\/wp-content\/uploads\/2024\/03\/photo_2023-09-28_18-18-27-300x225.jpg 300w, https:\/\/uzdjtsunf.uz\/wp-content\/uploads\/2024\/03\/photo_2023-09-28_18-18-27-1024x768.jpg 1024w, https:\/\/uzdjtsunf.uz\/wp-content\/uploads\/2024\/03\/photo_2023-09-28_18-18-27-768x576.jpg 768w\" sizes=\"auto, (max-width: 1280px) 100vw, 1280px\" \/><\/p>\n<p style=\"text-align: justify;\"><span style=\"font-family: 'times new roman', times, serif; font-size: 14pt;\">\u00a0Jaslard\u0131 ata-babalar\u0131m\u0131zdan bizge miyras bol\u0131p jetip kelgen milliy kiyimler menen jaq\u0131nnan tan\u0131st\u0131r\u0131w maqsetinde 15-mart k\u00fani \u00d3zbekstan m\u00e1mleketlik dene t\u00e1rbiyas\u0131 h\u00e1m sport universiteti N\u00f3kis filial\u0131 studentleri aras\u0131nda \u00abMilliy kiyimler\u00bb k\u00f3rgizbesi sh\u00f3lkemlestirildi.<\/span><\/p>\n<p><img loading=\"lazy\" decoding=\"async\" class=\"alignnone size-full wp-image-12723\" src=\"https:\/\/uzdjtsunf.uz\/wp-content\/uploads\/2024\/03\/photo_2023-09-28_18-18-24.jpg\" alt=\"\" width=\"1280\" height=\"960\" srcset=\"https:\/\/uzdjtsunf.uz\/wp-content\/uploads\/2024\/03\/photo_2023-09-28_18-18-24.jpg 1280w, https:\/\/uzdjtsunf.uz\/wp-content\/uploads\/2024\/03\/photo_2023-09-28_18-18-24-300x225.jpg 300w, https:\/\/uzdjtsunf.uz\/wp-content\/uploads\/2024\/03\/photo_2023-09-28_18-18-24-1024x768.jpg 1024w, https:\/\/uzdjtsunf.uz\/wp-content\/uploads\/2024\/03\/photo_2023-09-28_18-18-24-768x576.jpg 768w\" sizes=\"auto, (max-width: 1280px) 100vw, 1280px\" \/><\/p>\n<p style=\"text-align: justify;\"><span style=\"font-family: 'times new roman', times, serif; font-size: 14pt;\">\u00a0K\u00f3rgizbede filial direktor\u0131n\u0131\u0144 hayal-q\u0131zlar m\u00e1seleleri boy\u0131nsha m\u00e1sl\u00e1h\u00e1tshisi B.Allambergenova student q\u0131zlar\u01f5a ata-babalar\u0131m\u0131z kiygen milliy kiyimler haqq\u0131nda t\u00fasinikler berildi.<\/span><\/p>\n<p><img loading=\"lazy\" decoding=\"async\" class=\"alignnone size-full wp-image-12722\" src=\"https:\/\/uzdjtsunf.uz\/wp-content\/uploads\/2024\/03\/photo_2023-09-28_18-18-28.jpg\" alt=\"\" width=\"1280\" height=\"960\" srcset=\"https:\/\/uzdjtsunf.uz\/wp-content\/uploads\/2024\/03\/photo_2023-09-28_18-18-28.jpg 1280w, https:\/\/uzdjtsunf.uz\/wp-content\/uploads\/2024\/03\/photo_2023-09-28_18-18-28-300x225.jpg 300w, https:\/\/uzdjtsunf.uz\/wp-content\/uploads\/2024\/03\/photo_2023-09-28_18-18-28-1024x768.jpg 1024w, https:\/\/uzdjtsunf.uz\/wp-content\/uploads\/2024\/03\/photo_2023-09-28_18-18-28-768x576.jpg 768w\" sizes=\"auto, (max-width: 1280px) 100vw, 1280px\" \/><\/p>\n<p>&nbsp;<\/p>\n<p style=\"text-align: justify;\"><span style=\"font-family: 'times new roman', times, serif; font-size: 14pt;\">\u00a0K\u00f3rgizbe she\u0144berinde studentler milliy kiyimlerimiz haqq\u0131nda belgili d\u00e1redede ma\u01f5l\u0131wmatqa iye bold\u0131.<\/span><\/p>\n<p><img loading=\"lazy\" decoding=\"async\" class=\"alignnone size-full wp-image-12724\" src=\"https:\/\/uzdjtsunf.uz\/wp-content\/uploads\/2024\/03\/photo_2024-03-16_08-41-29.jpg\" alt=\"\" width=\"1280\" height=\"960\" srcset=\"https:\/\/uzdjtsunf.uz\/wp-content\/uploads\/2024\/03\/photo_2024-03-16_08-41-29.jpg 1280w, https:\/\/uzdjtsunf.uz\/wp-content\/uploads\/2024\/03\/photo_2024-03-16_08-41-29-300x225.jpg 300w, https:\/\/uzdjtsunf.uz\/wp-content\/uploads\/2024\/03\/photo_2024-03-16_08-41-29-1024x768.jpg 1024w, https:\/\/uzdjtsunf.uz\/wp-content\/uploads\/2024\/03\/photo_2024-03-16_08-41-29-768x576.jpg 768w\" sizes=\"auto, (max-width: 1280px) 100vw, 1280px\" \/><\/p>\n<p>&nbsp;<\/p>\n<p style=\"text-align: right;\"><strong><span style=\"font-family: 'times new roman', times, serif; font-size: 14pt;\">Filial Baspas\u00f3z x\u0131zmeti.<\/span><\/strong><\/p>\n<p><\/p>","protected":false},"excerpt":{"rendered":"<p>\u00a0Jaslard\u0131 ata-babalar\u0131m\u0131zdan bizge miyras bol\u0131p jetip kelgen milliy kiyimler menen jaq\u0131nnan tan\u0131st\u0131r\u0131w maqsetinde 15-mart k\u00fani \u00d3zbekstan m\u00e1mleketlik dene t\u00e1rbiyas\u0131 h\u00e1m sport universiteti N\u00f3kis filial\u0131 studentleri aras\u0131nda \u00abMilliy kiyimler\u00bb k\u00f3rgizbesi sh\u00f3lkemlestirildi. \u00a0K\u00f3rgizbede filial direktor\u0131n\u0131\u0144 hayal-q\u0131zlar m\u00e1seleleri boy\u0131nsha m\u00e1sl\u00e1h\u00e1tshisi B.Allambergenova student q\u0131zlar\u01f5a ata-babalar\u0131m\u0131z kiygen milliy kiyimler haqq\u0131nda t\u00fasinikler berildi. &nbsp; \u00a0K\u00f3rgizbe she\u0144berinde studentler milliy kiyimlerimiz haqq\u0131nda belgili [&hellip;]<\/p>\n","protected":false},"author":87,"featured_media":12721,"comment_status":"closed","ping_status":"closed","sticky":false,"template":"","format":"standard","meta":{"footnotes":""},"categories":[1,3],"tags":[],"class_list":["post-12720","post","type-post","status-publish","format-standard","has-post-thumbnail","hentry","category-ads","category-news"],"_links":{"self":[{"href":"https:\/\/uzdjtsunf.uz\/qq\/wp-json\/wp\/v2\/posts\/12720","targetHints":{"allow":["GET"]}}],"collection":[{"href":"https:\/\/uzdjtsunf.uz\/qq\/wp-json\/wp\/v2\/posts"}],"about":[{"href":"https:\/\/uzdjtsunf.uz\/qq\/wp-json\/wp\/v2\/types\/post"}],"author":[{"embeddable":true,"href":"https:\/\/uzdjtsunf.uz\/qq\/wp-json\/wp\/v2\/users\/87"}],"replies":[{"embeddable":true,"href":"https:\/\/uzdjtsunf.uz\/qq\/wp-json\/wp\/v2\/comments?post=12720"}],"version-history":[{"count":1,"href":"https:\/\/uzdjtsunf.uz\/qq\/wp-json\/wp\/v2\/posts\/12720\/revisions"}],"predecessor-version":[{"id":12725,"href":"https:\/\/uzdjtsunf.uz\/qq\/wp-json\/wp\/v2\/posts\/12720\/revisions\/12725"}],"wp:featuredmedia":[{"embeddable":true,"href":"https:\/\/uzdjtsunf.uz\/qq\/wp-json\/wp\/v2\/media\/12721"}],"wp:attachment":[{"href":"https:\/\/uzdjtsunf.uz\/qq\/wp-json\/wp\/v2\/media?parent=12720"}],"wp:term":[{"taxonomy":"category","embeddable":true,"href":"https:\/\/uzdjtsunf.uz\/qq\/wp-json\/wp\/v2\/categories?post=12720"},{"taxonomy":"post_tag","embeddable":true,"href":"https:\/\/uzdjtsunf.uz\/qq\/wp-json\/wp\/v2\/tags?post=12720"}],"curies":[{"name":"wp","href":"https:\/\/api.w.org\/{rel}","templated":true}]}}