{"id":12880,"date":"2024-04-02T17:49:14","date_gmt":"2024-04-02T12:49:14","guid":{"rendered":"https:\/\/uzdjtsunf.uz\/?p=12880"},"modified":"2024-04-02T17:49:14","modified_gmt":"2024-04-02T12:49:14","slug":"ozbekstan-mamleketlik-dene-tarbiyasi-ham-sport-universiteti-nokis-filialinda-respublikamizda%c7%b5i-%c7%b5alaba-xabar-qurallari-wakilleri-ushin-media-tur-sholkemlestirildi-2","status":"publish","type":"post","link":"https:\/\/uzdjtsunf.uz\/qq\/12880\/","title":{"rendered":"\u00d3zbekstan m\u00e1mleketlik dene t\u00e1rbiyas\u0131 h\u00e1m sport universiteti N\u00f3kis filial\u0131nda respublikam\u0131zda\u01f5\u0131 \u01f5alaba xabar qurallar\u0131 w\u00e1killeri ush\u0131n media tur sh\u00f3lkemlestirildi"},"content":{"rendered":"<p><\/p>\n<p style=\"text-align: justify;\">\u00a0<\/p>\n\n\t\t<style type=\"text\/css\">\n\t\t\t#gallery-1 {\n\t\t\t\tmargin: auto;\n\t\t\t}\n\t\t\t#gallery-1 .gallery-item {\n\t\t\t\tfloat: left;\n\t\t\t\tmargin-top: 10px;\n\t\t\t\ttext-align: center;\n\t\t\t\twidth: 100%;\n\t\t\t}\n\t\t\t#gallery-1 img {\n\t\t\t\tborder: 2px solid #cfcfcf;\n\t\t\t}\n\t\t\t#gallery-1 .gallery-caption {\n\t\t\t\tmargin-left: 0;\n\t\t\t}\n\t\t\t\/* see gallery_shortcode() in wp-includes\/media.php *\/\n\t\t<\/style>\n\t\t<div id='gallery-1' class='gallery galleryid-12880 gallery-columns-1 gallery-size-full'><dl class='gallery-item'>\n\t\t\t<dt class='gallery-icon portrait'>\n\t\t\t\t<a href='https:\/\/uzdjtsunf.uz\/qq\/12880\/vesti\/'><img loading=\"lazy\" decoding=\"async\" width=\"600\" height=\"819\" src=\"https:\/\/uzdjtsunf.uz\/wp-content\/uploads\/2024\/04\/vesti.jpg\" class=\"attachment-full size-full\" alt=\"\" srcset=\"https:\/\/uzdjtsunf.uz\/wp-content\/uploads\/2024\/04\/vesti.jpg 600w, https:\/\/uzdjtsunf.uz\/wp-content\/uploads\/2024\/04\/vesti-220x300.jpg 220w\" sizes=\"auto, (max-width: 600px) 100vw, 600px\" \/><\/a>\n\t\t\t<\/dt><\/dl><br style=\"clear: both\" \/>\n\t\t<\/div>\n\n<p style=\"text-align: justify;\"><span style=\"font-family: 'times new roman', times, serif; font-size: 14pt;\">\u00a0Media turda filial direktor\u0131, professor Bayrambay Erimbetov jurnalistlerge filialda t\u00e1lim al\u0131p at\u0131r\u01f5an studentlerdi\u0144 \u00abSport pedagogik sheberligin artt\u0131r\u0131w\u00bb \u00e1meliy sabaqlar\u0131n \u00f3tetu\u01f5\u0131n sport zallar\u0131nda jarat\u0131l\u01f5an sharayatlar h\u00e1m islenip at\u0131r\u01f5an jum\u0131slar haqq\u0131nda ke\u0144 t\u00farde ma\u01f5l\u0131wmatlar berip \u00f3tti.<\/span><\/p>\n<p style=\"text-align: justify;\"><span style=\"font-family: 'times new roman', times, serif; font-size: 14pt;\">\u00a0So\u0144 media tur she\u0144berinde filial student-jaslar\u0131 aras\u0131nda milliy sport t\u00farleri h\u00e1m xal\u0131q oy\u0131nlar\u0131n ke\u0144 t\u00farde en jayd\u0131r\u0131w h\u00e1m \u01f5alabal\u0131\u01f5\u0131na erisiw maqsetinde \u00abDirektor kubogi\u00bb ush\u0131n\u00a0 qasharman top sport jar\u0131s sh\u00f3lkemlestirildi.<\/span><\/p>\n<p style=\"text-align: justify;\"><span style=\"font-family: 'times new roman', times, serif; font-size: 14pt;\">\u00a0Bul haqq\u0131nda maqala \u00abVesti Karakalpakstana\u00bb gazetas\u0131n\u0131\u0144 2024-j\u0131l 2-aprel k\u00fangi 27-sanl\u0131 (18951) j\u00e1riyaland\u0131.<\/span><\/p>\n<p style=\"text-align: right;\"><strong><span style=\"font-family: 'times new roman', times, serif; font-size: 14pt;\">Filial Baspas\u00f3z x\u0131zmeti.<\/span><\/strong><\/p>\n<p><\/p>","protected":false},"excerpt":{"rendered":"<p>\u00a0 \u00a0Media turda filial direktor\u0131, professor Bayrambay Erimbetov jurnalistlerge filialda t\u00e1lim al\u0131p at\u0131r\u01f5an studentlerdi\u0144 \u00abSport pedagogik sheberligin artt\u0131r\u0131w\u00bb \u00e1meliy sabaqlar\u0131n \u00f3tetu\u01f5\u0131n sport zallar\u0131nda jarat\u0131l\u01f5an sharayatlar h\u00e1m islenip at\u0131r\u01f5an jum\u0131slar haqq\u0131nda ke\u0144 t\u00farde ma\u01f5l\u0131wmatlar berip \u00f3tti. \u00a0So\u0144 media tur she\u0144berinde filial student-jaslar\u0131 aras\u0131nda milliy sport t\u00farleri h\u00e1m xal\u0131q oy\u0131nlar\u0131n ke\u0144 t\u00farde en jayd\u0131r\u0131w h\u00e1m \u01f5alabal\u0131\u01f5\u0131na erisiw [&hellip;]<\/p>\n","protected":false},"author":87,"featured_media":12881,"comment_status":"closed","ping_status":"closed","sticky":false,"template":"","format":"standard","meta":{"footnotes":""},"categories":[1,7,3],"tags":[],"class_list":["post-12880","post","type-post","status-publish","format-standard","has-post-thumbnail","hentry","category-ads","category-articles","category-news"],"_links":{"self":[{"href":"https:\/\/uzdjtsunf.uz\/qq\/wp-json\/wp\/v2\/posts\/12880","targetHints":{"allow":["GET"]}}],"collection":[{"href":"https:\/\/uzdjtsunf.uz\/qq\/wp-json\/wp\/v2\/posts"}],"about":[{"href":"https:\/\/uzdjtsunf.uz\/qq\/wp-json\/wp\/v2\/types\/post"}],"author":[{"embeddable":true,"href":"https:\/\/uzdjtsunf.uz\/qq\/wp-json\/wp\/v2\/users\/87"}],"replies":[{"embeddable":true,"href":"https:\/\/uzdjtsunf.uz\/qq\/wp-json\/wp\/v2\/comments?post=12880"}],"version-history":[{"count":1,"href":"https:\/\/uzdjtsunf.uz\/qq\/wp-json\/wp\/v2\/posts\/12880\/revisions"}],"predecessor-version":[{"id":12882,"href":"https:\/\/uzdjtsunf.uz\/qq\/wp-json\/wp\/v2\/posts\/12880\/revisions\/12882"}],"wp:featuredmedia":[{"embeddable":true,"href":"https:\/\/uzdjtsunf.uz\/qq\/wp-json\/wp\/v2\/media\/12881"}],"wp:attachment":[{"href":"https:\/\/uzdjtsunf.uz\/qq\/wp-json\/wp\/v2\/media?parent=12880"}],"wp:term":[{"taxonomy":"category","embeddable":true,"href":"https:\/\/uzdjtsunf.uz\/qq\/wp-json\/wp\/v2\/categories?post=12880"},{"taxonomy":"post_tag","embeddable":true,"href":"https:\/\/uzdjtsunf.uz\/qq\/wp-json\/wp\/v2\/tags?post=12880"}],"curies":[{"name":"wp","href":"https:\/\/api.w.org\/{rel}","templated":true}]}}