{"id":12902,"date":"2024-04-03T16:44:20","date_gmt":"2024-04-03T11:44:20","guid":{"rendered":"https:\/\/uzdjtsunf.uz\/?p=12902"},"modified":"2024-04-03T16:44:20","modified_gmt":"2024-04-03T11:44:20","slug":"filialda-9-aprel-qaraqalpaqstan-respublikasi-konstituciyasi-qabil-etilgenliginin-31-jilli%c7%b5i-munasibeti-menen-saltanatli-ilaj-bolip-otti","status":"publish","type":"post","link":"https:\/\/uzdjtsunf.uz\/qq\/12902\/","title":{"rendered":"Filialda 9-aprel &#8211; Qaraqalpaqstan Respublikas\u0131 Konstituciyas\u0131 qab\u0131l etilgenligini\u0144 31 j\u0131ll\u0131\u01f5\u0131 m\u00fan\u00e1sibeti menen saltanatl\u0131 ilaj bol\u0131p \u00f3tti"},"content":{"rendered":"<p><\/p>\n<p style=\"text-align: justify;\"><span style=\"font-family: 'times new roman', times, serif; font-size: 14pt;\"> <img loading=\"lazy\" decoding=\"async\" class=\"alignnone size-full wp-image-12896\" src=\"https:\/\/uzdjtsunf.uz\/wp-content\/uploads\/2024\/04\/photo_2024-04-03_15-57-14.jpg\" alt=\"\" width=\"1280\" height=\"745\" srcset=\"https:\/\/uzdjtsunf.uz\/wp-content\/uploads\/2024\/04\/photo_2024-04-03_15-57-14.jpg 1280w, https:\/\/uzdjtsunf.uz\/wp-content\/uploads\/2024\/04\/photo_2024-04-03_15-57-14-300x175.jpg 300w, https:\/\/uzdjtsunf.uz\/wp-content\/uploads\/2024\/04\/photo_2024-04-03_15-57-14-1024x596.jpg 1024w, https:\/\/uzdjtsunf.uz\/wp-content\/uploads\/2024\/04\/photo_2024-04-03_15-57-14-768x447.jpg 768w\" sizes=\"auto, (max-width: 1280px) 100vw, 1280px\" \/>Saltanatl\u0131 ilaj\u01f5a Qaraqalpaqstan Respublikas\u0131 Joqar\u01f5\u0131 Ke\u0144esi Konstituciyal\u0131q baqlaw komitetinen, sal\u0131q basqarmas\u0131, sud uy\u0131mlar\u0131nan juwapker bassh\u0131lar, filiald\u0131\u0144 professor-oq\u0131t\u0131wsh\u0131lar\u0131 h\u00e1m student-jaslar qatnast\u0131.<\/span><\/p>\n<p><img loading=\"lazy\" decoding=\"async\" class=\"alignnone size-full wp-image-12895\" src=\"https:\/\/uzdjtsunf.uz\/wp-content\/uploads\/2024\/04\/photo_2024-04-03_11-51-47.jpg\" alt=\"\" width=\"1280\" height=\"964\" srcset=\"https:\/\/uzdjtsunf.uz\/wp-content\/uploads\/2024\/04\/photo_2024-04-03_11-51-47.jpg 1280w, https:\/\/uzdjtsunf.uz\/wp-content\/uploads\/2024\/04\/photo_2024-04-03_11-51-47-300x226.jpg 300w, https:\/\/uzdjtsunf.uz\/wp-content\/uploads\/2024\/04\/photo_2024-04-03_11-51-47-1024x771.jpg 1024w, https:\/\/uzdjtsunf.uz\/wp-content\/uploads\/2024\/04\/photo_2024-04-03_11-51-47-768x578.jpg 768w\" sizes=\"auto, (max-width: 1280px) 100vw, 1280px\" \/><\/p>\n<p style=\"text-align: justify;\"><span style=\"font-family: 'times new roman', times, serif; font-size: 14pt;\">Ilajd\u0131 filial direktor\u0131n\u0131\u0144 Jaslar m\u00e1seleleri, ruwx\u0131yl\u0131q h\u00e1m a\u01f5art\u0131wsh\u0131l\u0131q isleri boy\u0131nsha birinshi or\u0131nbasar\u0131 Rustam Xaydarov ash\u0131p berdi h\u00e1m basqar\u0131p bard\u0131.<\/span><\/p>\n<p><img loading=\"lazy\" decoding=\"async\" class=\"alignnone size-full wp-image-12897\" src=\"https:\/\/uzdjtsunf.uz\/wp-content\/uploads\/2024\/04\/photo_2024-04-03_15-57-15.jpg\" alt=\"\" width=\"1280\" height=\"996\" srcset=\"https:\/\/uzdjtsunf.uz\/wp-content\/uploads\/2024\/04\/photo_2024-04-03_15-57-15.jpg 1280w, https:\/\/uzdjtsunf.uz\/wp-content\/uploads\/2024\/04\/photo_2024-04-03_15-57-15-300x233.jpg 300w, https:\/\/uzdjtsunf.uz\/wp-content\/uploads\/2024\/04\/photo_2024-04-03_15-57-15-1024x797.jpg 1024w, https:\/\/uzdjtsunf.uz\/wp-content\/uploads\/2024\/04\/photo_2024-04-03_15-57-15-768x598.jpg 768w\" sizes=\"auto, (max-width: 1280px) 100vw, 1280px\" \/><\/p>\n<p style=\"text-align: justify;\"><span style=\"font-family: 'times new roman', times, serif; font-size: 14pt;\">So\u0144 Qaraqalpaqstan Respublikas\u0131 Joqar\u01f5\u0131 Ke\u0144esi Konstituciyal\u0131q baqlaw komiteti basl\u0131\u01f5\u0131 Paraxat Aytniyazov s\u00f3zge sh\u0131\u01f5\u0131p, b\u00e1rsheni Qaraqalaqstan Respublikas\u0131 Konstituciyas\u0131n\u0131\u0144 qab\u0131l etilgenligini\u0144 31 j\u0131ll\u0131\u01f5\u0131 menen q\u0131z\u01f5\u0131n qutl\u0131qlap, xal\u0131qt\u0131\u0144 abadanl\u0131\u01f5\u0131n t\u00e1miyinlewde \u2013 Konstituciyan\u0131\u0144 orn\u0131 h\u00e1m \u00e1hmiyeti joqar\u0131 ekenligin ayt\u0131p \u00f3tti.<\/span><\/p>\n\n\t\t<style type=\"text\/css\">\n\t\t\t#gallery-1 {\n\t\t\t\tmargin: auto;\n\t\t\t}\n\t\t\t#gallery-1 .gallery-item {\n\t\t\t\tfloat: left;\n\t\t\t\tmargin-top: 10px;\n\t\t\t\ttext-align: center;\n\t\t\t\twidth: 100%;\n\t\t\t}\n\t\t\t#gallery-1 img {\n\t\t\t\tborder: 2px solid #cfcfcf;\n\t\t\t}\n\t\t\t#gallery-1 .gallery-caption {\n\t\t\t\tmargin-left: 0;\n\t\t\t}\n\t\t\t\/* see gallery_shortcode() in wp-includes\/media.php *\/\n\t\t<\/style>\n\t\t<div id='gallery-1' class='gallery galleryid-12902 gallery-columns-1 gallery-size-full'><dl class='gallery-item'>\n\t\t\t<dt class='gallery-icon landscape'>\n\t\t\t\t<a href='https:\/\/uzdjtsunf.uz\/qq\/photo_2024-04-03_15-57-17\/'><img loading=\"lazy\" decoding=\"async\" width=\"1280\" height=\"884\" src=\"https:\/\/uzdjtsunf.uz\/wp-content\/uploads\/2024\/04\/photo_2024-04-03_15-57-17.jpg\" class=\"attachment-full size-full\" alt=\"\" srcset=\"https:\/\/uzdjtsunf.uz\/wp-content\/uploads\/2024\/04\/photo_2024-04-03_15-57-17.jpg 1280w, https:\/\/uzdjtsunf.uz\/wp-content\/uploads\/2024\/04\/photo_2024-04-03_15-57-17-300x207.jpg 300w, https:\/\/uzdjtsunf.uz\/wp-content\/uploads\/2024\/04\/photo_2024-04-03_15-57-17-1024x707.jpg 1024w, https:\/\/uzdjtsunf.uz\/wp-content\/uploads\/2024\/04\/photo_2024-04-03_15-57-17-768x530.jpg 768w\" sizes=\"auto, (max-width: 1280px) 100vw, 1280px\" \/><\/a>\n\t\t\t<\/dt><\/dl><br style=\"clear: both\" \/>\n\t\t<\/div>\n\n<p style=\"text-align: justify;\"><span style=\"font-family: 'times new roman', times, serif; font-size: 14pt;\">Onnan so\u0144\u00a0 s\u00f3zge sh\u0131qqanlar Konstituciya m\u00e1mleketti\u0144 tiykar\u01f5\u0131 n\u0131zam\u0131 ekenligin, m\u00e1mleketti\u0144 keleshegi us\u0131 h\u00fajjette \u00f3z s\u00e1wleleniwin tapqanl\u0131\u01f5\u0131n, b\u00fagin elimizde j\u00faz berip at\u0131r\u01f5an ja\u0144alan\u0131wlar, demokratiyal\u0131q huq\u0131q\u0131y m\u00e1mleket qur\u0131w, \u00e1dil puqaral\u0131q j\u00e1miyetin q\u00e1liplestiriw jol\u0131nda erisip at\u0131r\u01f5an jetiskenliklerimizdi\u0144 barl\u0131\u01f5\u0131 Konstituciyada k\u00f3rsetilgen tiykar\u01f5\u0131 principlerdi\u0144 turm\u0131sqa tol\u0131q engiziliwi menen baylan\u0131sl\u0131 ekenligin \u00f3z bayanatlar\u0131nda keltirip \u00f3tti.<\/span><\/p>\n<p><img loading=\"lazy\" decoding=\"async\" class=\"alignnone size-full wp-image-12899\" src=\"https:\/\/uzdjtsunf.uz\/wp-content\/uploads\/2024\/04\/photo_2024-04-03_15-57-19.jpg\" alt=\"\" width=\"1280\" height=\"903\" srcset=\"https:\/\/uzdjtsunf.uz\/wp-content\/uploads\/2024\/04\/photo_2024-04-03_15-57-19.jpg 1280w, https:\/\/uzdjtsunf.uz\/wp-content\/uploads\/2024\/04\/photo_2024-04-03_15-57-19-300x212.jpg 300w, https:\/\/uzdjtsunf.uz\/wp-content\/uploads\/2024\/04\/photo_2024-04-03_15-57-19-1024x722.jpg 1024w, https:\/\/uzdjtsunf.uz\/wp-content\/uploads\/2024\/04\/photo_2024-04-03_15-57-19-768x542.jpg 768w\" sizes=\"auto, (max-width: 1280px) 100vw, 1280px\" \/><\/p>\n<p><img loading=\"lazy\" decoding=\"async\" class=\"alignnone size-full wp-image-12900\" src=\"https:\/\/uzdjtsunf.uz\/wp-content\/uploads\/2024\/04\/photo_2024-04-03_15-57-22.jpg\" alt=\"\" width=\"1280\" height=\"950\" srcset=\"https:\/\/uzdjtsunf.uz\/wp-content\/uploads\/2024\/04\/photo_2024-04-03_15-57-22.jpg 1280w, https:\/\/uzdjtsunf.uz\/wp-content\/uploads\/2024\/04\/photo_2024-04-03_15-57-22-300x223.jpg 300w, https:\/\/uzdjtsunf.uz\/wp-content\/uploads\/2024\/04\/photo_2024-04-03_15-57-22-1024x760.jpg 1024w, https:\/\/uzdjtsunf.uz\/wp-content\/uploads\/2024\/04\/photo_2024-04-03_15-57-22-768x570.jpg 768w\" sizes=\"auto, (max-width: 1280px) 100vw, 1280px\" \/><\/p>\n<p style=\"text-align: right;\"><strong><span style=\"font-family: 'times new roman', times, serif; font-size: 14pt;\">Filial Baspas\u00f3z x\u0131zmeti.<\/span><\/strong><\/p>\n<p><\/p>","protected":false},"excerpt":{"rendered":"<p>Saltanatl\u0131 ilaj\u01f5a Qaraqalpaqstan Respublikas\u0131 Joqar\u01f5\u0131 Ke\u0144esi Konstituciyal\u0131q baqlaw komitetinen, sal\u0131q basqarmas\u0131, sud uy\u0131mlar\u0131nan juwapker bassh\u0131lar, filiald\u0131\u0144 professor-oq\u0131t\u0131wsh\u0131lar\u0131 h\u00e1m student-jaslar qatnast\u0131. Ilajd\u0131 filial direktor\u0131n\u0131\u0144 Jaslar m\u00e1seleleri, ruwx\u0131yl\u0131q h\u00e1m a\u01f5art\u0131wsh\u0131l\u0131q isleri boy\u0131nsha birinshi or\u0131nbasar\u0131 Rustam Xaydarov ash\u0131p berdi h\u00e1m basqar\u0131p bard\u0131. So\u0144 Qaraqalpaqstan Respublikas\u0131 Joqar\u01f5\u0131 Ke\u0144esi Konstituciyal\u0131q baqlaw komiteti basl\u0131\u01f5\u0131 Paraxat Aytniyazov s\u00f3zge sh\u0131\u01f5\u0131p, b\u00e1rsheni Qaraqalaqstan Respublikas\u0131 [&hellip;]<\/p>\n","protected":false},"author":87,"featured_media":12895,"comment_status":"closed","ping_status":"closed","sticky":false,"template":"","format":"standard","meta":{"footnotes":""},"categories":[1,3],"tags":[],"class_list":["post-12902","post","type-post","status-publish","format-standard","has-post-thumbnail","hentry","category-ads","category-news"],"_links":{"self":[{"href":"https:\/\/uzdjtsunf.uz\/qq\/wp-json\/wp\/v2\/posts\/12902","targetHints":{"allow":["GET"]}}],"collection":[{"href":"https:\/\/uzdjtsunf.uz\/qq\/wp-json\/wp\/v2\/posts"}],"about":[{"href":"https:\/\/uzdjtsunf.uz\/qq\/wp-json\/wp\/v2\/types\/post"}],"author":[{"embeddable":true,"href":"https:\/\/uzdjtsunf.uz\/qq\/wp-json\/wp\/v2\/users\/87"}],"replies":[{"embeddable":true,"href":"https:\/\/uzdjtsunf.uz\/qq\/wp-json\/wp\/v2\/comments?post=12902"}],"version-history":[{"count":1,"href":"https:\/\/uzdjtsunf.uz\/qq\/wp-json\/wp\/v2\/posts\/12902\/revisions"}],"predecessor-version":[{"id":12903,"href":"https:\/\/uzdjtsunf.uz\/qq\/wp-json\/wp\/v2\/posts\/12902\/revisions\/12903"}],"wp:featuredmedia":[{"embeddable":true,"href":"https:\/\/uzdjtsunf.uz\/qq\/wp-json\/wp\/v2\/media\/12895"}],"wp:attachment":[{"href":"https:\/\/uzdjtsunf.uz\/qq\/wp-json\/wp\/v2\/media?parent=12902"}],"wp:term":[{"taxonomy":"category","embeddable":true,"href":"https:\/\/uzdjtsunf.uz\/qq\/wp-json\/wp\/v2\/categories?post=12902"},{"taxonomy":"post_tag","embeddable":true,"href":"https:\/\/uzdjtsunf.uz\/qq\/wp-json\/wp\/v2\/tags?post=12902"}],"curies":[{"name":"wp","href":"https:\/\/api.w.org\/{rel}","templated":true}]}}