{"id":16402,"date":"2025-02-12T16:36:29","date_gmt":"2025-02-12T11:36:29","guid":{"rendered":"https:\/\/uzdjtsunf.uz\/?p=16402"},"modified":"2025-02-12T16:36:40","modified_gmt":"2025-02-12T11:36:40","slug":"11-fevral-ilm-fan-va-talim-sohasidagi-xotin-qizlar-xalqaro-kuni","status":"publish","type":"post","link":"https:\/\/uzdjtsunf.uz\/qq\/16402\/","title":{"rendered":"11-fevral \u2013 \u00abIlim-bilimlendiriw taraw\u0131nda\u01f5\u0131 hayal-q\u0131zlar xal\u0131q-aral\u0131q k\u00fani\u00bb"},"content":{"rendered":"<p><\/p>\n<p><img loading=\"lazy\" decoding=\"async\" class=\"aligncenter wp-image-16403\" src=\"https:\/\/uzdjtsunf.uz\/wp-content\/uploads\/2025\/02\/bbb.jpg\" alt=\"\" width=\"1057\" height=\"800\" srcset=\"https:\/\/uzdjtsunf.uz\/wp-content\/uploads\/2025\/02\/bbb.jpg 947w, https:\/\/uzdjtsunf.uz\/wp-content\/uploads\/2025\/02\/bbb-300x227.jpg 300w, https:\/\/uzdjtsunf.uz\/wp-content\/uploads\/2025\/02\/bbb-768x581.jpg 768w\" sizes=\"auto, (max-width: 1057px) 100vw, 1057px\" \/><\/p>\n<p style=\"text-align: justify;\"><span style=\"font-family: 'times new roman', times, serif; font-size: 14pt;\">Birlesken Milletler Sh\u00f3lkemini\u0144 Bas Assambleyas\u0131n\u0131\u0144 20215-j\u0131l 22-dekabrdegi 70-sesiyas\u0131nda 11-fevral \u2013 \u00abIlim-bilimlendiriw taraw\u0131nda\u01f5\u0131 hayal-q\u0131zlar xal\u0131q-aral\u0131q k\u00fani\u00bb dep r\u00e1smiy t\u00farde j\u00e1riyalan\u01f5an edi.<\/span><\/p>\n<p style=\"text-align: justify;\"><span style=\"font-family: 'times new roman', times, serif; font-size: 14pt;\">B\u00fagin 12-fevral k\u00fani \u00d3zbekstan m\u00e1mleketlik dene t\u00e1rbiyas\u0131 h\u00e1m sport universiteti N\u00f3kis filial\u0131 Hayal-q\u0131zlar ke\u0144esi baslamas\u0131 menen us\u0131 s\u00e1ne m\u00fan\u00e1sibeti menen filialda\u01f5\u0131 professor-oq\u0131t\u0131wsh\u0131lar h\u00e1m student q\u0131zlar qatnas\u0131nda ilaj bol\u0131p \u00f3tti.<\/span><\/p>\n<p style=\"text-align: justify;\"><span style=\"font-family: 'times new roman', times, serif; font-size: 14pt;\">Ilajd\u0131 filiald\u0131\u0144 Hayal-q\u0131zlar m\u00e1seleleri boy\u0131nsha direktor or\u0131nbasar\u0131 B.Allambergenova kiris s\u00f3z benen asht\u0131 h\u00e1m al\u0131p bard\u0131.<\/span><\/p>\n<p style=\"text-align: justify;\"><span style=\"font-family: 'times new roman', times, serif; font-size: 14pt;\">Onda psixologiya ilimleri boy\u0131nsha filosofiya doktor\u0131 (PhD) U.Kalillayeva h\u00e1m docent T.Djumaniyazovalar ilaj qatnas\u0131wsh\u0131lar\u0131na b\u00fagingi k\u00fande elimizde ilim menen shu\u01f5\u0131llan\u0131p at\u0131r\u01f5an hayal-q\u0131zlar h\u00e1m olar\u01f5a jarat\u0131l\u01f5an imkaniyatlar haqq\u0131nda ayt\u0131p berdi.<\/span><\/p>\n<p style=\"text-align: right;\"><strong><span style=\"font-family: 'times new roman', times, serif; font-size: 14pt;\">Filial Baspas\u00f3z x\u0131zmeti.<\/span><\/strong><\/p>\n<p><\/p>","protected":false},"excerpt":{"rendered":"<p>Birlesken Milletler Sh\u00f3lkemini\u0144 Bas Assambleyas\u0131n\u0131\u0144 20215-j\u0131l 22-dekabrdegi 70-sesiyas\u0131nda 11-fevral \u2013 \u00abIlim-bilimlendiriw taraw\u0131nda\u01f5\u0131 hayal-q\u0131zlar xal\u0131q-aral\u0131q k\u00fani\u00bb dep r\u00e1smiy t\u00farde j\u00e1riyalan\u01f5an edi. B\u00fagin 12-fevral k\u00fani \u00d3zbekstan m\u00e1mleketlik dene t\u00e1rbiyas\u0131 h\u00e1m sport universiteti N\u00f3kis filial\u0131 Hayal-q\u0131zlar ke\u0144esi baslamas\u0131 menen us\u0131 s\u00e1ne m\u00fan\u00e1sibeti menen filialda\u01f5\u0131 professor-oq\u0131t\u0131wsh\u0131lar h\u00e1m student q\u0131zlar qatnas\u0131nda ilaj bol\u0131p \u00f3tti. Ilajd\u0131 filiald\u0131\u0144 Hayal-q\u0131zlar m\u00e1seleleri boy\u0131nsha direktor [&hellip;]<\/p>\n","protected":false},"author":87,"featured_media":16403,"comment_status":"closed","ping_status":"closed","sticky":false,"template":"","format":"standard","meta":{"footnotes":""},"categories":[1,3],"tags":[],"class_list":["post-16402","post","type-post","status-publish","format-standard","has-post-thumbnail","hentry","category-ads","category-news"],"_links":{"self":[{"href":"https:\/\/uzdjtsunf.uz\/qq\/wp-json\/wp\/v2\/posts\/16402","targetHints":{"allow":["GET"]}}],"collection":[{"href":"https:\/\/uzdjtsunf.uz\/qq\/wp-json\/wp\/v2\/posts"}],"about":[{"href":"https:\/\/uzdjtsunf.uz\/qq\/wp-json\/wp\/v2\/types\/post"}],"author":[{"embeddable":true,"href":"https:\/\/uzdjtsunf.uz\/qq\/wp-json\/wp\/v2\/users\/87"}],"replies":[{"embeddable":true,"href":"https:\/\/uzdjtsunf.uz\/qq\/wp-json\/wp\/v2\/comments?post=16402"}],"version-history":[{"count":1,"href":"https:\/\/uzdjtsunf.uz\/qq\/wp-json\/wp\/v2\/posts\/16402\/revisions"}],"predecessor-version":[{"id":16404,"href":"https:\/\/uzdjtsunf.uz\/qq\/wp-json\/wp\/v2\/posts\/16402\/revisions\/16404"}],"wp:featuredmedia":[{"embeddable":true,"href":"https:\/\/uzdjtsunf.uz\/qq\/wp-json\/wp\/v2\/media\/16403"}],"wp:attachment":[{"href":"https:\/\/uzdjtsunf.uz\/qq\/wp-json\/wp\/v2\/media?parent=16402"}],"wp:term":[{"taxonomy":"category","embeddable":true,"href":"https:\/\/uzdjtsunf.uz\/qq\/wp-json\/wp\/v2\/categories?post=16402"},{"taxonomy":"post_tag","embeddable":true,"href":"https:\/\/uzdjtsunf.uz\/qq\/wp-json\/wp\/v2\/tags?post=16402"}],"curies":[{"name":"wp","href":"https:\/\/api.w.org\/{rel}","templated":true}]}}