{"id":16455,"date":"2025-02-18T17:15:41","date_gmt":"2025-02-18T12:15:41","guid":{"rendered":"https:\/\/uzdjtsunf.uz\/?p=16455"},"modified":"2025-02-18T17:38:44","modified_gmt":"2025-02-18T12:38:44","slug":"filialda-direktor-va-yoshlar-uchrashuvi-bolib-otdi-2","status":"publish","type":"post","link":"https:\/\/uzdjtsunf.uz\/qq\/16455\/","title":{"rendered":"Filialda \u00abDirektor h\u00e1m jaslar\u00bb ush\u0131ras\u0131w\u0131 bol\u0131p \u00f3tti"},"content":{"rendered":"<p><\/p>\n<p><img loading=\"lazy\" decoding=\"async\" class=\"size-full wp-image-16465 aligncenter\" src=\"https:\/\/uzdjtsunf.uz\/wp-content\/uploads\/2025\/02\/llll.jpg\" alt=\"\" width=\"1280\" height=\"960\" srcset=\"https:\/\/uzdjtsunf.uz\/wp-content\/uploads\/2025\/02\/llll.jpg 1280w, https:\/\/uzdjtsunf.uz\/wp-content\/uploads\/2025\/02\/llll-300x225.jpg 300w, https:\/\/uzdjtsunf.uz\/wp-content\/uploads\/2025\/02\/llll-1024x768.jpg 1024w, https:\/\/uzdjtsunf.uz\/wp-content\/uploads\/2025\/02\/llll-768x576.jpg 768w\" sizes=\"auto, (max-width: 1280px) 100vw, 1280px\" \/><\/p>\n<p style=\"text-align: justify;\"><span style=\"font-family: 'times new roman', times, serif; font-size: 14pt;\">B\u00fagin \u00d3zbekstan m\u00e1mleketlik dene t\u00e1rbiyas\u0131 h\u00e1m sport universiteti N\u00f3kis filial\u0131nda student-jaslar menen t\u0131\u01f5\u0131z islesiwdi jol\u01f5a qoy\u0131w, olard\u0131\u0144 oq\u0131w bar\u0131s\u0131nda dus kelip at\u0131r\u01f5an tos\u0131qlar\u0131n an\u0131qlaw, pikir-us\u0131n\u0131slar\u0131n t\u0131\u0144law, ush\u0131ras\u0131p at\u0131r\u01f5an mashqalalar\u0131n sol jerdi\u0144 \u00f3zinde saplast\u0131r\u0131w maqsetinde \u00abDirektor h\u00e1m jaslar\u00bb ush\u0131ras\u0131w\u0131 bol\u0131p \u00f3tti.<\/span><\/p>\n<p><img loading=\"lazy\" decoding=\"async\" class=\"size-full wp-image-16457 aligncenter\" src=\"https:\/\/uzdjtsunf.uz\/wp-content\/uploads\/2025\/02\/222-5.jpg\" alt=\"\" width=\"1280\" height=\"960\" srcset=\"https:\/\/uzdjtsunf.uz\/wp-content\/uploads\/2025\/02\/222-5.jpg 1280w, https:\/\/uzdjtsunf.uz\/wp-content\/uploads\/2025\/02\/222-5-300x225.jpg 300w, https:\/\/uzdjtsunf.uz\/wp-content\/uploads\/2025\/02\/222-5-1024x768.jpg 1024w, https:\/\/uzdjtsunf.uz\/wp-content\/uploads\/2025\/02\/222-5-768x576.jpg 768w\" sizes=\"auto, (max-width: 1280px) 100vw, 1280px\" \/><\/p>\n<p style=\"text-align: justify;\"><span style=\"font-family: 'times new roman', times, serif; font-size: 14pt;\">Onda filial direktor\u0131, professor B.Erimbetov filial student-jaslar\u0131 menen ush\u0131rast\u0131 h\u00e1m olar\u01f5a d\u00e1slep H\u00farmetli Prezidentimiz bassh\u0131l\u0131\u01f5\u0131nda us\u0131 j\u0131ld\u0131\u0144 13-fevral k\u00fani \u00abOlimpiya h\u00e1m paralimpiya h\u00e1reketin j\u00e1ne de rawajland\u0131r\u0131w, \u01f5alabal\u0131q sportt\u0131 ja\u0144a basq\u0131shqa al\u0131p sh\u0131\u01f5\u0131w h\u00e1m xal\u0131qt\u0131\u0144 fizikal\u0131q belsendiligin artt\u0131r\u0131w ilajlar\u0131 boy\u0131nsha\u00bb h\u00e1m 14-fevral k\u00fani K\u00f3ksaray rezidenciyas\u0131nda m\u00e1mleketimiz jaslar\u0131 menen s\u00f3ylesiwinde belgilep berilgen wazipalar, jarat\u0131l\u0131p at\u0131r\u01f5an sharayatlar,\u00a0 berilip at\u0131r\u01f5an je\u0144illikler haqq\u0131nda ke\u0144 t\u00farde ma\u01f5l\u0131wmatlar berdi.<\/span><\/p>\n<p style=\"text-align: justify;\"><span style=\"font-family: 'times new roman', times, serif; font-size: 14pt;\"><img loading=\"lazy\" decoding=\"async\" class=\"size-full wp-image-16456 aligncenter\" src=\"https:\/\/uzdjtsunf.uz\/wp-content\/uploads\/2025\/02\/111-6.jpg\" alt=\"\" width=\"1280\" height=\"931\" srcset=\"https:\/\/uzdjtsunf.uz\/wp-content\/uploads\/2025\/02\/111-6.jpg 1280w, https:\/\/uzdjtsunf.uz\/wp-content\/uploads\/2025\/02\/111-6-300x218.jpg 300w, https:\/\/uzdjtsunf.uz\/wp-content\/uploads\/2025\/02\/111-6-1024x745.jpg 1024w, https:\/\/uzdjtsunf.uz\/wp-content\/uploads\/2025\/02\/111-6-768x559.jpg 768w\" sizes=\"auto, (max-width: 1280px) 100vw, 1280px\" \/> El bassh\u0131m\u0131zd\u0131\u0144 tikkeley baslamas\u0131 h\u00e1m qollap-quwatlaw\u0131 menen m\u00e1mleketimizde jaslar ush\u0131n jarat\u0131l\u0131p at\u0131r\u01f5an bunday imkaniyatlardan h\u00e1r bir studentti \u00fanemli paydalan\u0131w\u01f5a shaq\u0131rd\u0131. <\/span><\/p>\n<p><img loading=\"lazy\" decoding=\"async\" class=\"size-full wp-image-16460 aligncenter\" src=\"https:\/\/uzdjtsunf.uz\/wp-content\/uploads\/2025\/02\/555-1.jpg\" alt=\"\" width=\"1280\" height=\"878\" srcset=\"https:\/\/uzdjtsunf.uz\/wp-content\/uploads\/2025\/02\/555-1.jpg 1280w, https:\/\/uzdjtsunf.uz\/wp-content\/uploads\/2025\/02\/555-1-300x206.jpg 300w, https:\/\/uzdjtsunf.uz\/wp-content\/uploads\/2025\/02\/555-1-1024x702.jpg 1024w, https:\/\/uzdjtsunf.uz\/wp-content\/uploads\/2025\/02\/555-1-768x527.jpg 768w\" sizes=\"auto, (max-width: 1280px) 100vw, 1280px\" \/><\/p>\n<p style=\"text-align: justify;\"><span style=\"font-family: 'times new roman', times, serif; font-size: 14pt;\">Sonday-aq, filial studentleri aras\u0131nda da elimizdegi us\u0131nday imkaniyatlardan dur\u0131s paydalan\u0131p sport jar\u0131slar\u0131nda h\u00e1m oq\u0131wda jaqs\u0131 n\u00e1tiyjelerge erisip at\u0131r\u01f5an studentler barl\u0131\u01f5\u0131n maqtan\u0131sh penen atap \u00f3tti h\u00e1m olard\u0131\u0144 aras\u0131nan e\u0144 belsendilerine filial t\u00e1repinen tayarlan\u01f5an H\u00farmet jarl\u0131qlar\u0131n taps\u0131rd\u0131.<\/span><\/p>\n<p><img loading=\"lazy\" decoding=\"async\" class=\"size-full wp-image-16462 aligncenter\" src=\"https:\/\/uzdjtsunf.uz\/wp-content\/uploads\/2025\/02\/777-1-e1739880927245.jpg\" alt=\"\" width=\"1280\" height=\"646\" srcset=\"https:\/\/uzdjtsunf.uz\/wp-content\/uploads\/2025\/02\/777-1-e1739880927245.jpg 1280w, https:\/\/uzdjtsunf.uz\/wp-content\/uploads\/2025\/02\/777-1-e1739880927245-300x151.jpg 300w, https:\/\/uzdjtsunf.uz\/wp-content\/uploads\/2025\/02\/777-1-e1739880927245-1024x517.jpg 1024w, https:\/\/uzdjtsunf.uz\/wp-content\/uploads\/2025\/02\/777-1-e1739880927245-768x388.jpg 768w\" sizes=\"auto, (max-width: 1280px) 100vw, 1280px\" \/><\/p>\n<p>&nbsp;<\/p>\n<p style=\"text-align: justify;\"><span style=\"font-family: 'times new roman', times, serif; font-size: 14pt;\">Ush\u0131ras\u0131w bar\u0131s\u0131nda filial direktor\u0131 studentlerdi\u0144 pikir-us\u0131n\u0131slar\u0131n t\u0131\u0144lad\u0131 h\u00e1m olar menen tuwr\u0131dan tuwr\u0131 islesiwge h\u00e1miyshe tayar ekenligin bildirdi.<\/span><\/p>\n<p>&nbsp;<\/p>\n<p>&nbsp;<\/p>\n<p><img loading=\"lazy\" decoding=\"async\" class=\"size-full wp-image-16461 aligncenter\" src=\"https:\/\/uzdjtsunf.uz\/wp-content\/uploads\/2025\/02\/666-2.jpg\" alt=\"\" width=\"1280\" height=\"818\" srcset=\"https:\/\/uzdjtsunf.uz\/wp-content\/uploads\/2025\/02\/666-2.jpg 1280w, https:\/\/uzdjtsunf.uz\/wp-content\/uploads\/2025\/02\/666-2-300x192.jpg 300w, https:\/\/uzdjtsunf.uz\/wp-content\/uploads\/2025\/02\/666-2-1024x654.jpg 1024w, https:\/\/uzdjtsunf.uz\/wp-content\/uploads\/2025\/02\/666-2-768x491.jpg 768w\" sizes=\"auto, (max-width: 1280px) 100vw, 1280px\" \/><\/p>\n<p style=\"text-align: right;\"><strong><span style=\"font-family: 'times new roman', times, serif; font-size: 14pt;\">Filial Baspas\u00f3z x\u0131zmeti.<\/span><\/strong><\/p>\n<p><\/p>","protected":false},"excerpt":{"rendered":"<p>B\u00fagin \u00d3zbekstan m\u00e1mleketlik dene t\u00e1rbiyas\u0131 h\u00e1m sport universiteti N\u00f3kis filial\u0131nda student-jaslar menen t\u0131\u01f5\u0131z islesiwdi jol\u01f5a qoy\u0131w, olard\u0131\u0144 oq\u0131w bar\u0131s\u0131nda dus kelip at\u0131r\u01f5an tos\u0131qlar\u0131n an\u0131qlaw, pikir-us\u0131n\u0131slar\u0131n t\u0131\u0144law, ush\u0131ras\u0131p at\u0131r\u01f5an mashqalalar\u0131n sol jerdi\u0144 \u00f3zinde saplast\u0131r\u0131w maqsetinde \u00abDirektor h\u00e1m jaslar\u00bb ush\u0131ras\u0131w\u0131 bol\u0131p \u00f3tti. Onda filial direktor\u0131, professor B.Erimbetov filial student-jaslar\u0131 menen ush\u0131rast\u0131 h\u00e1m olar\u01f5a d\u00e1slep H\u00farmetli Prezidentimiz bassh\u0131l\u0131\u01f5\u0131nda [&hellip;]<\/p>\n","protected":false},"author":87,"featured_media":16460,"comment_status":"closed","ping_status":"closed","sticky":false,"template":"","format":"standard","meta":{"footnotes":""},"categories":[1,3],"tags":[],"class_list":["post-16455","post","type-post","status-publish","format-standard","has-post-thumbnail","hentry","category-ads","category-news"],"_links":{"self":[{"href":"https:\/\/uzdjtsunf.uz\/qq\/wp-json\/wp\/v2\/posts\/16455","targetHints":{"allow":["GET"]}}],"collection":[{"href":"https:\/\/uzdjtsunf.uz\/qq\/wp-json\/wp\/v2\/posts"}],"about":[{"href":"https:\/\/uzdjtsunf.uz\/qq\/wp-json\/wp\/v2\/types\/post"}],"author":[{"embeddable":true,"href":"https:\/\/uzdjtsunf.uz\/qq\/wp-json\/wp\/v2\/users\/87"}],"replies":[{"embeddable":true,"href":"https:\/\/uzdjtsunf.uz\/qq\/wp-json\/wp\/v2\/comments?post=16455"}],"version-history":[{"count":3,"href":"https:\/\/uzdjtsunf.uz\/qq\/wp-json\/wp\/v2\/posts\/16455\/revisions"}],"predecessor-version":[{"id":16467,"href":"https:\/\/uzdjtsunf.uz\/qq\/wp-json\/wp\/v2\/posts\/16455\/revisions\/16467"}],"wp:featuredmedia":[{"embeddable":true,"href":"https:\/\/uzdjtsunf.uz\/qq\/wp-json\/wp\/v2\/media\/16460"}],"wp:attachment":[{"href":"https:\/\/uzdjtsunf.uz\/qq\/wp-json\/wp\/v2\/media?parent=16455"}],"wp:term":[{"taxonomy":"category","embeddable":true,"href":"https:\/\/uzdjtsunf.uz\/qq\/wp-json\/wp\/v2\/categories?post=16455"},{"taxonomy":"post_tag","embeddable":true,"href":"https:\/\/uzdjtsunf.uz\/qq\/wp-json\/wp\/v2\/tags?post=16455"}],"curies":[{"name":"wp","href":"https:\/\/api.w.org\/{rel}","templated":true}]}}