{"id":17162,"date":"2025-04-17T17:18:05","date_gmt":"2025-04-17T12:18:05","guid":{"rendered":"https:\/\/uzdjtsunf.uz\/?p=17162"},"modified":"2025-04-17T17:18:05","modified_gmt":"2025-04-17T12:18:05","slug":"oylik-doirasida-uchrashuv-bolib-otdi","status":"publish","type":"post","link":"https:\/\/uzdjtsunf.uz\/qq\/17162\/","title":{"rendered":"Ayl\u0131q she\u0144berinde ush\u0131ras\u0131w bol\u0131p \u00f3tti"},"content":{"rendered":"<p><\/p>\n<p><img loading=\"lazy\" decoding=\"async\" class=\"size-full wp-image-17166 aligncenter\" src=\"https:\/\/uzdjtsunf.uz\/wp-content\/uploads\/2025\/04\/55-9.jpg\" alt=\"\" width=\"1280\" height=\"960\" srcset=\"https:\/\/uzdjtsunf.uz\/wp-content\/uploads\/2025\/04\/55-9.jpg 1280w, https:\/\/uzdjtsunf.uz\/wp-content\/uploads\/2025\/04\/55-9-300x225.jpg 300w, https:\/\/uzdjtsunf.uz\/wp-content\/uploads\/2025\/04\/55-9-1024x768.jpg 1024w, https:\/\/uzdjtsunf.uz\/wp-content\/uploads\/2025\/04\/55-9-768x576.jpg 768w\" sizes=\"auto, (max-width: 1280px) 100vw, 1280px\" \/><\/p>\n<p style=\"text-align: justify;\"><span style=\"font-family: 'times new roman', times, serif; font-size: 14pt;\">\u00d3zbekstan Respublikas\u0131 Ishki isler ministrligi t\u00e1repinen us\u0131 j\u0131ld\u0131\u0144 15-aprel s\u00e1nesinen 15-may k\u00fanleri aral\u0131\u01f5\u0131nda \u00abQ\u00e1wipsiz h\u00e1m salamat el\u00bb ayl\u0131\u01f5\u0131 dep j\u00e1riyalan\u01f5an edi.<\/span><\/p>\n<p><img loading=\"lazy\" decoding=\"async\" class=\"size-full wp-image-17164 aligncenter\" src=\"https:\/\/uzdjtsunf.uz\/wp-content\/uploads\/2025\/04\/22-11.jpg\" alt=\"\" width=\"1280\" height=\"960\" srcset=\"https:\/\/uzdjtsunf.uz\/wp-content\/uploads\/2025\/04\/22-11.jpg 1280w, https:\/\/uzdjtsunf.uz\/wp-content\/uploads\/2025\/04\/22-11-300x225.jpg 300w, https:\/\/uzdjtsunf.uz\/wp-content\/uploads\/2025\/04\/22-11-1024x768.jpg 1024w, https:\/\/uzdjtsunf.uz\/wp-content\/uploads\/2025\/04\/22-11-768x576.jpg 768w\" sizes=\"auto, (max-width: 1280px) 100vw, 1280px\" \/><\/p>\n<p style=\"text-align: justify;\"><span style=\"font-family: 'times new roman', times, serif; font-size: 14pt;\">Us\u0131 ayl\u0131q she\u0144berinde b\u00fagin \u00d3zbekstan m\u00e1mleketlik dene t\u00e1rbiyas\u0131 h\u00e1m sport universiteti N\u00f3kis filial\u0131nda \u00abBiz n\u00e1shebentlikke qars\u0131m\u0131z atamas\u0131nda\u00bb ush\u0131ras\u0131w bol\u0131p \u00f3tti.<\/span><\/p>\n<p><img loading=\"lazy\" decoding=\"async\" class=\"size-full wp-image-17167 aligncenter\" src=\"https:\/\/uzdjtsunf.uz\/wp-content\/uploads\/2025\/04\/66-7.jpg\" alt=\"\" width=\"1280\" height=\"960\" srcset=\"https:\/\/uzdjtsunf.uz\/wp-content\/uploads\/2025\/04\/66-7.jpg 1280w, https:\/\/uzdjtsunf.uz\/wp-content\/uploads\/2025\/04\/66-7-300x225.jpg 300w, https:\/\/uzdjtsunf.uz\/wp-content\/uploads\/2025\/04\/66-7-1024x768.jpg 1024w, https:\/\/uzdjtsunf.uz\/wp-content\/uploads\/2025\/04\/66-7-768x576.jpg 768w\" sizes=\"auto, (max-width: 1280px) 100vw, 1280px\" \/><\/p>\n<p style=\"text-align: justify;\"><span style=\"font-family: 'times new roman', times, serif; font-size: 14pt;\">Ilajda filial profilaktika inspektor\u0131, \u00abSport t\u00farleri\u00bb fakulteti dekan\u0131 h\u00e1m studentler aras\u0131nda sociall\u0131q-ruwx\u0131y turaql\u0131\u01f5\u0131n t\u00e1miyinlewge\u00a0 juwapker bol\u01f5an direktor m\u00e1sl\u00e1h\u00e1tshisi menen birgelikte n\u00e1shebentlik zatlard\u0131\u0144 tarqal\u0131w jollar\u0131, on\u0131 ald\u0131n al\u0131w ba\u01f5dar\u0131nda islenip at\u0131r\u01f5an jum\u0131slar, n\u0131zam she\u0144berinde k\u00f3riletu\u01f5\u0131n jaza sharalar\u0131 haqq\u0131nda t\u00fasinikler berip \u00f3tti.<\/span><\/p>\n<p><img loading=\"lazy\" decoding=\"async\" class=\"size-full wp-image-17165 aligncenter\" src=\"https:\/\/uzdjtsunf.uz\/wp-content\/uploads\/2025\/04\/33-11.jpg\" alt=\"\" width=\"1280\" height=\"960\" srcset=\"https:\/\/uzdjtsunf.uz\/wp-content\/uploads\/2025\/04\/33-11.jpg 1280w, https:\/\/uzdjtsunf.uz\/wp-content\/uploads\/2025\/04\/33-11-300x225.jpg 300w, https:\/\/uzdjtsunf.uz\/wp-content\/uploads\/2025\/04\/33-11-1024x768.jpg 1024w, https:\/\/uzdjtsunf.uz\/wp-content\/uploads\/2025\/04\/33-11-768x576.jpg 768w\" sizes=\"auto, (max-width: 1280px) 100vw, 1280px\" \/><\/p>\n<p style=\"text-align: justify;\"><span style=\"font-family: 'times new roman', times, serif; font-size: 14pt;\">Studentler bul ba\u01f5darda \u00f3zlerin q\u0131z\u0131qt\u0131r\u01f5an sorawlar\u0131na juwaplar ald\u0131.<\/span><\/p>\n<p><img loading=\"lazy\" decoding=\"async\" class=\"size-full wp-image-17163 aligncenter\" src=\"https:\/\/uzdjtsunf.uz\/wp-content\/uploads\/2025\/04\/11-10.jpg\" alt=\"\" width=\"1280\" height=\"960\" srcset=\"https:\/\/uzdjtsunf.uz\/wp-content\/uploads\/2025\/04\/11-10.jpg 1280w, https:\/\/uzdjtsunf.uz\/wp-content\/uploads\/2025\/04\/11-10-300x225.jpg 300w, https:\/\/uzdjtsunf.uz\/wp-content\/uploads\/2025\/04\/11-10-1024x768.jpg 1024w, https:\/\/uzdjtsunf.uz\/wp-content\/uploads\/2025\/04\/11-10-768x576.jpg 768w\" sizes=\"auto, (max-width: 1280px) 100vw, 1280px\" \/><\/p>\n<p style=\"text-align: right;\"><strong><span style=\"font-family: 'times new roman', times, serif; font-size: 14pt;\">Filia Baspas\u00f3z x\u0131zmeti.<\/span><\/strong><\/p>\n<p><\/p>","protected":false},"excerpt":{"rendered":"<p>\u00d3zbekstan Respublikas\u0131 Ishki isler ministrligi t\u00e1repinen us\u0131 j\u0131ld\u0131\u0144 15-aprel s\u00e1nesinen 15-may k\u00fanleri aral\u0131\u01f5\u0131nda \u00abQ\u00e1wipsiz h\u00e1m salamat el\u00bb ayl\u0131\u01f5\u0131 dep j\u00e1riyalan\u01f5an edi. Us\u0131 ayl\u0131q she\u0144berinde b\u00fagin \u00d3zbekstan m\u00e1mleketlik dene t\u00e1rbiyas\u0131 h\u00e1m sport universiteti N\u00f3kis filial\u0131nda \u00abBiz n\u00e1shebentlikke qars\u0131m\u0131z atamas\u0131nda\u00bb ush\u0131ras\u0131w bol\u0131p \u00f3tti. Ilajda filial profilaktika inspektor\u0131, \u00abSport t\u00farleri\u00bb fakulteti dekan\u0131 h\u00e1m studentler aras\u0131nda sociall\u0131q-ruwx\u0131y turaql\u0131\u01f5\u0131n t\u00e1miyinlewge\u00a0 [&hellip;]<\/p>\n","protected":false},"author":87,"featured_media":17166,"comment_status":"closed","ping_status":"closed","sticky":false,"template":"","format":"standard","meta":{"footnotes":""},"categories":[1,3],"tags":[],"class_list":["post-17162","post","type-post","status-publish","format-standard","has-post-thumbnail","hentry","category-ads","category-news"],"_links":{"self":[{"href":"https:\/\/uzdjtsunf.uz\/qq\/wp-json\/wp\/v2\/posts\/17162","targetHints":{"allow":["GET"]}}],"collection":[{"href":"https:\/\/uzdjtsunf.uz\/qq\/wp-json\/wp\/v2\/posts"}],"about":[{"href":"https:\/\/uzdjtsunf.uz\/qq\/wp-json\/wp\/v2\/types\/post"}],"author":[{"embeddable":true,"href":"https:\/\/uzdjtsunf.uz\/qq\/wp-json\/wp\/v2\/users\/87"}],"replies":[{"embeddable":true,"href":"https:\/\/uzdjtsunf.uz\/qq\/wp-json\/wp\/v2\/comments?post=17162"}],"version-history":[{"count":1,"href":"https:\/\/uzdjtsunf.uz\/qq\/wp-json\/wp\/v2\/posts\/17162\/revisions"}],"predecessor-version":[{"id":17168,"href":"https:\/\/uzdjtsunf.uz\/qq\/wp-json\/wp\/v2\/posts\/17162\/revisions\/17168"}],"wp:featuredmedia":[{"embeddable":true,"href":"https:\/\/uzdjtsunf.uz\/qq\/wp-json\/wp\/v2\/media\/17166"}],"wp:attachment":[{"href":"https:\/\/uzdjtsunf.uz\/qq\/wp-json\/wp\/v2\/media?parent=17162"}],"wp:term":[{"taxonomy":"category","embeddable":true,"href":"https:\/\/uzdjtsunf.uz\/qq\/wp-json\/wp\/v2\/categories?post=17162"},{"taxonomy":"post_tag","embeddable":true,"href":"https:\/\/uzdjtsunf.uz\/qq\/wp-json\/wp\/v2\/tags?post=17162"}],"curies":[{"name":"wp","href":"https:\/\/api.w.org\/{rel}","templated":true}]}}