{"id":17793,"date":"2025-06-09T11:05:47","date_gmt":"2025-06-09T06:05:47","guid":{"rendered":"https:\/\/uzdjtsunf.uz\/?p=17793"},"modified":"2025-06-10T10:13:44","modified_gmt":"2025-06-10T05:13:44","slug":"dem-alis-yaki-bayram-kunindegi-jumisi-ushin-eki-ese-pul-tolenedi","status":"publish","type":"post","link":"https:\/\/uzdjtsunf.uz\/qq\/17793\/","title":{"rendered":"Dem al\u0131s yaki bayram k\u00fanindegi jum\u0131s\u0131 ush\u0131n eki ese pul t\u00f3lenedi"},"content":{"rendered":"<p><\/p>\n<p><img loading=\"lazy\" decoding=\"async\" class=\"aligncenter wp-image-17800\" src=\"https:\/\/uzdjtsunf.uz\/wp-content\/uploads\/2025\/06\/12.png\" alt=\"\" width=\"1200\" height=\"800\" srcset=\"https:\/\/uzdjtsunf.uz\/wp-content\/uploads\/2025\/06\/12.png 960w, https:\/\/uzdjtsunf.uz\/wp-content\/uploads\/2025\/06\/12-300x200.png 300w, https:\/\/uzdjtsunf.uz\/wp-content\/uploads\/2025\/06\/12-768x512.png 768w\" sizes=\"auto, (max-width: 1200px) 100vw, 1200px\" \/><\/p>\n<p style=\"text-align: justify;\"><span style=\"font-size: 14pt; font-family: 'times new roman', times, serif;\">Dem al\u0131s k\u00fanleri yaki jum\u0131s islemeytu\u01f5\u0131n bayram k\u00fanleri ush\u0131n keminde eki ese haq\u0131 <a href=\"https:\/\/lex.uz\/docs\/6257288\">t\u00f3lenedi.<\/a><\/span><\/p>\n<p style=\"text-align: justify;\"><span style=\"font-size: 14pt; font-family: 'times new roman', times, serif;\">Ishki h\u00fajjetlerde eki eseden k\u00f3plew haq\u0131 t\u00f3leniwdi belgilew m\u00famkin.<\/span><\/p>\n<p style=\"text-align: justify;\"><span style=\"font-size: 14pt; font-family: 'times new roman', times, serif;\">Dem al\u0131s k\u00fanindegi yaki islemeytu\u01f5\u0131n bayram k\u00fanindegi jum\u0131s jum\u0131ssh\u0131n\u0131\u0144 q\u00e1lewi menen basqa dem al\u0131s k\u00fanin beriw menen konpensaciya etiliwi m\u00famkin.<\/span><\/p>\n<p style=\"text-align: justify;\"><span style=\"font-size: 14pt; font-family: 'times new roman', times, serif;\">Dem al\u0131s yaki islemeytu\u01f5\u0131n bayram k\u00fanindegi jum\u0131s\u0131 ush\u0131n jum\u0131ssh\u0131\u01f5a \u00f3zini\u0144 q\u00e1lewi menen basqa dem al\u0131s k\u00fani beriliwi m\u00famkin. Bunda jum\u0131ssh\u0131\u01f5a bir ese haq\u0131 t\u00f3lenedi.<\/span><\/p>\n<p style=\"text-align: justify;\"><span style=\"font-size: 14pt; font-family: 'times new roman', times, serif;\">Jum\u0131ssh\u0131 kestede yaki miynet sh\u00e1rtnamas\u0131na muwap\u0131q ul\u0131wmal\u0131q belgilengen dem al\u0131s k\u00fanleri (bes k\u00fanlik jum\u0131s h\u00e1ptesinde shembi yaki ekishembi k\u00fanleri yaki alt\u0131 k\u00fanlik jum\u0131s h\u00e1ptesinde ekishembi k\u00fani) islese, dem al\u0131s k\u00fanleri bolsa o\u01f5an basqa k\u00fande berilse, ul\u0131wmal\u0131q dem al\u0131s k\u00fanlerindegi jum\u0131s\u0131 ush\u0131n bir ese haq\u0131 t\u00f3lenedi.<\/span><\/p>\n<p style=\"text-align: right;\"><strong><span style=\"font-size: 14pt; font-family: 'times new roman', times, serif;\">Filial Baspas\u00f3z x\u0131zmeti.<\/span><\/strong><\/p>\n<p><\/p>","protected":false},"excerpt":{"rendered":"<p>Dem al\u0131s k\u00fanleri yaki jum\u0131s islemeytu\u01f5\u0131n bayram k\u00fanleri ush\u0131n keminde eki ese haq\u0131 t\u00f3lenedi. Ishki h\u00fajjetlerde eki eseden k\u00f3plew haq\u0131 t\u00f3leniwdi belgilew m\u00famkin. Dem al\u0131s k\u00fanindegi yaki islemeytu\u01f5\u0131n bayram k\u00fanindegi jum\u0131s jum\u0131ssh\u0131n\u0131\u0144 q\u00e1lewi menen basqa dem al\u0131s k\u00fanin beriw menen konpensaciya etiliwi m\u00famkin. Dem al\u0131s yaki islemeytu\u01f5\u0131n bayram k\u00fanindegi jum\u0131s\u0131 ush\u0131n jum\u0131ssh\u0131\u01f5a \u00f3zini\u0144 q\u00e1lewi menen [&hellip;]<\/p>\n","protected":false},"author":87,"featured_media":17800,"comment_status":"closed","ping_status":"closed","sticky":false,"template":"","format":"standard","meta":{"footnotes":""},"categories":[1,3],"tags":[],"class_list":["post-17793","post","type-post","status-publish","format-standard","has-post-thumbnail","hentry","category-ads","category-news"],"_links":{"self":[{"href":"https:\/\/uzdjtsunf.uz\/qq\/wp-json\/wp\/v2\/posts\/17793","targetHints":{"allow":["GET"]}}],"collection":[{"href":"https:\/\/uzdjtsunf.uz\/qq\/wp-json\/wp\/v2\/posts"}],"about":[{"href":"https:\/\/uzdjtsunf.uz\/qq\/wp-json\/wp\/v2\/types\/post"}],"author":[{"embeddable":true,"href":"https:\/\/uzdjtsunf.uz\/qq\/wp-json\/wp\/v2\/users\/87"}],"replies":[{"embeddable":true,"href":"https:\/\/uzdjtsunf.uz\/qq\/wp-json\/wp\/v2\/comments?post=17793"}],"version-history":[{"count":2,"href":"https:\/\/uzdjtsunf.uz\/qq\/wp-json\/wp\/v2\/posts\/17793\/revisions"}],"predecessor-version":[{"id":17801,"href":"https:\/\/uzdjtsunf.uz\/qq\/wp-json\/wp\/v2\/posts\/17793\/revisions\/17801"}],"wp:featuredmedia":[{"embeddable":true,"href":"https:\/\/uzdjtsunf.uz\/qq\/wp-json\/wp\/v2\/media\/17800"}],"wp:attachment":[{"href":"https:\/\/uzdjtsunf.uz\/qq\/wp-json\/wp\/v2\/media?parent=17793"}],"wp:term":[{"taxonomy":"category","embeddable":true,"href":"https:\/\/uzdjtsunf.uz\/qq\/wp-json\/wp\/v2\/categories?post=17793"},{"taxonomy":"post_tag","embeddable":true,"href":"https:\/\/uzdjtsunf.uz\/qq\/wp-json\/wp\/v2\/tags?post=17793"}],"curies":[{"name":"wp","href":"https:\/\/api.w.org\/{rel}","templated":true}]}}