{"id":18805,"date":"2025-08-28T15:43:31","date_gmt":"2025-08-28T10:43:31","guid":{"rendered":"https:\/\/uzdjtsunf.uz\/?p=18805"},"modified":"2025-08-28T15:43:31","modified_gmt":"2025-08-28T10:43:31","slug":"jana-2025-2026-oqiw-jilina-tayarliq-maseleleri-alda%c7%b5i-tur%c7%b5an-rejeler-ham-waziypalar-atamasinda%c7%b5i-keneytilgen-kollegiya-majilisi-otkerildi","status":"publish","type":"post","link":"https:\/\/uzdjtsunf.uz\/qq\/18805\/","title":{"rendered":"\u00abJa\u0144a 2025-2026-oq\u0131w j\u0131l\u0131na tayarl\u0131q m\u00e1seleleri: alda\u01f5\u0131 tur\u01f5an rejeler h\u00e1m waz\u0131ypalar\u00bb atamas\u0131nda\u01f5\u0131 ke\u0144eytilgen Kollegiya m\u00e1jilisi \u00f3tkerildi"},"content":{"rendered":"<p><\/p>\n<p><img loading=\"lazy\" decoding=\"async\" class=\"size-full wp-image-18806 aligncenter\" src=\"https:\/\/uzdjtsunf.uz\/wp-content\/uploads\/2025\/08\/11-19-e1756377550982.jpg\" alt=\"\" width=\"1280\" height=\"497\" srcset=\"https:\/\/uzdjtsunf.uz\/wp-content\/uploads\/2025\/08\/11-19-e1756377550982.jpg 1280w, https:\/\/uzdjtsunf.uz\/wp-content\/uploads\/2025\/08\/11-19-e1756377550982-300x116.jpg 300w, https:\/\/uzdjtsunf.uz\/wp-content\/uploads\/2025\/08\/11-19-e1756377550982-1024x398.jpg 1024w, https:\/\/uzdjtsunf.uz\/wp-content\/uploads\/2025\/08\/11-19-e1756377550982-768x298.jpg 768w\" sizes=\"auto, (max-width: 1280px) 100vw, 1280px\" \/><\/p>\n<p style=\"text-align: justify;\"><span style=\"font-family: 'times new roman', times, serif; font-size: 14pt;\">B\u00fagin Qaraqalpaqstan Respublikas\u0131 Joqar\u0131 bilimlendiriw, ilim h\u00e1m innovaciyalar ministrligi t\u00e1repinen \u00abJa\u0144a 2025-2026-oq\u0131w j\u0131l\u0131na tayarl\u0131q m\u00e1seleleri: alda\u01f5\u0131 tur\u01f5an rejeler h\u00e1m waz\u0131ypalar\u00bb atamas\u0131nda\u01f5\u0131 ke\u0144eytilgen Kollegiya m\u00e1jilisi \u00f3tkerildi.<\/span><\/p>\n<p style=\"text-align: justify;\"><img loading=\"lazy\" decoding=\"async\" class=\"size-full wp-image-18808 aligncenter\" src=\"https:\/\/uzdjtsunf.uz\/wp-content\/uploads\/2025\/08\/33-20-e1756377576184.jpg\" alt=\"\" width=\"1280\" height=\"560\" srcset=\"https:\/\/uzdjtsunf.uz\/wp-content\/uploads\/2025\/08\/33-20-e1756377576184.jpg 1280w, https:\/\/uzdjtsunf.uz\/wp-content\/uploads\/2025\/08\/33-20-e1756377576184-300x131.jpg 300w, https:\/\/uzdjtsunf.uz\/wp-content\/uploads\/2025\/08\/33-20-e1756377576184-1024x448.jpg 1024w, https:\/\/uzdjtsunf.uz\/wp-content\/uploads\/2025\/08\/33-20-e1756377576184-768x336.jpg 768w\" sizes=\"auto, (max-width: 1280px) 100vw, 1280px\" \/><\/p>\n<p style=\"text-align: justify;\"><span style=\"font-family: 'times new roman', times, serif; font-size: 14pt;\">Kollegiya m\u00e1jilisine \u00d3zbekstan Respublikas\u0131 Joqar\u0131 bilimlendiriw, ilim h\u00e1m innovaciyalar ministrliginen E.Muminov, Qaraqalpaqstan Respublikas\u0131 Joqar\u01f5\u0131 Ke\u0144es Komitet basl\u0131\u01f5\u0131 M.Atamuratov, Qaraqalpaqstan Respublikas\u0131 Joqar\u0131 bilimlendiriw, ilim h\u00e1m innovaciyalar ministri A.Ayapov, Ministrlikti\u0144 sektor basl\u0131qlar\u0131, Joqar\u0131 bilimlendiriw oq\u0131w or\u0131nlar\u0131 rektorlar\u0131 h\u00e1m direktorlar\u0131 h\u00e1mde K\u00e1siplik bilimlendiriw sh\u00f3lkemleri (texnikumlar) direktorlar\u0131 qatnast\u0131.<\/span><\/p>\n<p><img loading=\"lazy\" decoding=\"async\" class=\"aligncenter wp-image-18810\" src=\"https:\/\/uzdjtsunf.uz\/wp-content\/uploads\/2025\/08\/55-9-e1756377633409.jpg\" alt=\"\" width=\"1294\" height=\"845\" srcset=\"https:\/\/uzdjtsunf.uz\/wp-content\/uploads\/2025\/08\/55-9-e1756377633409.jpg 960w, https:\/\/uzdjtsunf.uz\/wp-content\/uploads\/2025\/08\/55-9-e1756377633409-300x196.jpg 300w, https:\/\/uzdjtsunf.uz\/wp-content\/uploads\/2025\/08\/55-9-e1756377633409-768x502.jpg 768w\" sizes=\"auto, (max-width: 1294px) 100vw, 1294px\" \/><\/p>\n<p style=\"text-align: justify;\">\u00a0<\/p>\n<p style=\"text-align: justify;\"><span style=\"font-family: 'times new roman', times, serif; font-size: 14pt;\">Kollegiya m\u00e1jilisin Ministr A.Ayapov basqar\u0131p bard\u0131.<\/span><\/p>\n<p style=\"text-align: justify;\"><img loading=\"lazy\" decoding=\"async\" class=\"aligncenter wp-image-18807\" src=\"https:\/\/uzdjtsunf.uz\/wp-content\/uploads\/2025\/08\/22-24-e1756377698978.jpg\" alt=\"\" width=\"1300\" height=\"511\" srcset=\"https:\/\/uzdjtsunf.uz\/wp-content\/uploads\/2025\/08\/22-24-e1756377698978.jpg 1280w, https:\/\/uzdjtsunf.uz\/wp-content\/uploads\/2025\/08\/22-24-e1756377698978-300x118.jpg 300w, https:\/\/uzdjtsunf.uz\/wp-content\/uploads\/2025\/08\/22-24-e1756377698978-1024x402.jpg 1024w, https:\/\/uzdjtsunf.uz\/wp-content\/uploads\/2025\/08\/22-24-e1756377698978-768x302.jpg 768w\" sizes=\"auto, (max-width: 1300px) 100vw, 1300px\" \/><\/p>\n<p style=\"text-align: justify;\"><span style=\"font-family: 'times new roman', times, serif; font-size: 14pt;\">Sh\u0131\u01f5\u0131p s\u00f3ylewshiler d\u00e1slep \u01f4\u00e1rezsizligimizdi\u0144 34 j\u0131ll\u0131q bayram\u0131 menen h\u00e1m ja\u0144a 2025-2026-oq\u0131w j\u0131l\u0131 menen q\u0131z\u01f5\u0131n qutl\u0131qlap, zamanag\u00f3y pedagogikal\u0131q k\u00e1siplik bilimlendiriwdi rawajland\u0131r\u0131w, oq\u0131w processinde innovaciyal\u0131q texnologiyalard\u0131 ke\u0144 qollan\u0131w h\u00e1mde bilimlendiriw sapas\u0131n artt\u0131r\u0131w\u01f5a qarat\u0131l\u01f5an \u00e1hmiyetli m\u00e1selelerge toqtap \u00f3tti.<\/span><\/p>\n<p style=\"text-align: justify;\"><img loading=\"lazy\" decoding=\"async\" class=\"aligncenter wp-image-18811\" src=\"https:\/\/uzdjtsunf.uz\/wp-content\/uploads\/2025\/08\/66-3-e1756377738338.jpg\" alt=\"\" width=\"1310\" height=\"476\" srcset=\"https:\/\/uzdjtsunf.uz\/wp-content\/uploads\/2025\/08\/66-3-e1756377738338.jpg 1280w, https:\/\/uzdjtsunf.uz\/wp-content\/uploads\/2025\/08\/66-3-e1756377738338-300x109.jpg 300w, https:\/\/uzdjtsunf.uz\/wp-content\/uploads\/2025\/08\/66-3-e1756377738338-1024x372.jpg 1024w, https:\/\/uzdjtsunf.uz\/wp-content\/uploads\/2025\/08\/66-3-e1756377738338-768x279.jpg 768w\" sizes=\"auto, (max-width: 1310px) 100vw, 1310px\" \/><\/p>\n<p style=\"text-align: justify;\"><span style=\"font-family: 'times new roman', times, serif; font-size: 14pt;\">Sonday-aq, m\u00e1jilis dawam\u0131nda Respublikam\u0131zda\u01f5\u0131 Joqar\u0131 bilimlendiriw oq\u0131w or\u0131nlar\u0131nda h\u00e1m K\u00e1siplik bilimlendiriw sh\u00f3lkemlerinde \u00f3tken oq\u0131w j\u0131l\u0131nda jol qoy\u0131l\u01f5an kemshilikler menen birge ja\u0144a 2025-2026-oq\u0131w j\u0131l\u0131na tayarl\u0131q jum\u0131slar\u0131, bassh\u0131 h\u00e1m pedagog kadrlard\u0131\u0144 k\u00e1siplik kompetentligin rawajland\u0131r\u0131w, oq\u0131w-metodikal\u0131q t\u00e1miynat\u0131n k\u00fasheytiw, t\u00e1lim processin n\u00e1tiyjeli sh\u00f3lkemlestiriw, xal\u0131qaral\u0131q bilimlendiriw d\u00e1st\u00farlerin engiziw boy\u0131nsha m\u00e1seleler de atap \u00f3tildi.<\/span><\/p>\n<p style=\"text-align: justify;\"><span style=\"font-family: 'times new roman', times, serif; font-size: 14pt;\">Son\u0131\u0144 menen birge, Kollegiya m\u00e1jilisinde qatnas\u0131wsh\u0131lard\u0131\u0144 pikir-us\u0131n\u0131slar\u0131 da t\u0131\u0144land\u0131.<\/span><\/p>\n<p style=\"text-align: justify;\"><span style=\"font-family: 'times new roman', times, serif; font-size: 14pt;\">M\u00e1jiliste \u00e1melge as\u0131r\u0131l\u0131p at\u0131r\u01f5an jum\u0131slar h\u00e1m alda\u01f5\u0131 waz\u0131ypalard\u0131\u0144 or\u0131nlan\u0131w\u0131na qarat\u0131l\u01f5an tiyisli k\u00f3rsetpeler h\u00e1m taps\u0131rmalar berildi.<\/span><\/p>\n<p style=\"text-align: right;\"><span style=\"font-size: 14pt;\"><strong><span style=\"font-family: 'times new roman', times, serif;\">Filial Baspas\u00f3z x\u0131zmeti.<\/span><\/strong><\/span><\/p>\n<p><\/p>","protected":false},"excerpt":{"rendered":"<p>B\u00fagin Qaraqalpaqstan Respublikas\u0131 Joqar\u0131 bilimlendiriw, ilim h\u00e1m innovaciyalar ministrligi t\u00e1repinen \u00abJa\u0144a 2025-2026-oq\u0131w j\u0131l\u0131na tayarl\u0131q m\u00e1seleleri: alda\u01f5\u0131 tur\u01f5an rejeler h\u00e1m waz\u0131ypalar\u00bb atamas\u0131nda\u01f5\u0131 ke\u0144eytilgen Kollegiya m\u00e1jilisi \u00f3tkerildi. Kollegiya m\u00e1jilisine \u00d3zbekstan Respublikas\u0131 Joqar\u0131 bilimlendiriw, ilim h\u00e1m innovaciyalar ministrliginen E.Muminov, Qaraqalpaqstan Respublikas\u0131 Joqar\u01f5\u0131 Ke\u0144es Komitet basl\u0131\u01f5\u0131 M.Atamuratov, Qaraqalpaqstan Respublikas\u0131 Joqar\u0131 bilimlendiriw, ilim h\u00e1m innovaciyalar ministri A.Ayapov, Ministrlikti\u0144 sektor basl\u0131qlar\u0131, [&hellip;]<\/p>\n","protected":false},"author":87,"featured_media":18809,"comment_status":"closed","ping_status":"closed","sticky":false,"template":"","format":"standard","meta":{"footnotes":""},"categories":[1,3],"tags":[],"class_list":["post-18805","post","type-post","status-publish","format-standard","has-post-thumbnail","hentry","category-ads","category-news"],"_links":{"self":[{"href":"https:\/\/uzdjtsunf.uz\/qq\/wp-json\/wp\/v2\/posts\/18805","targetHints":{"allow":["GET"]}}],"collection":[{"href":"https:\/\/uzdjtsunf.uz\/qq\/wp-json\/wp\/v2\/posts"}],"about":[{"href":"https:\/\/uzdjtsunf.uz\/qq\/wp-json\/wp\/v2\/types\/post"}],"author":[{"embeddable":true,"href":"https:\/\/uzdjtsunf.uz\/qq\/wp-json\/wp\/v2\/users\/87"}],"replies":[{"embeddable":true,"href":"https:\/\/uzdjtsunf.uz\/qq\/wp-json\/wp\/v2\/comments?post=18805"}],"version-history":[{"count":1,"href":"https:\/\/uzdjtsunf.uz\/qq\/wp-json\/wp\/v2\/posts\/18805\/revisions"}],"predecessor-version":[{"id":18812,"href":"https:\/\/uzdjtsunf.uz\/qq\/wp-json\/wp\/v2\/posts\/18805\/revisions\/18812"}],"wp:featuredmedia":[{"embeddable":true,"href":"https:\/\/uzdjtsunf.uz\/qq\/wp-json\/wp\/v2\/media\/18809"}],"wp:attachment":[{"href":"https:\/\/uzdjtsunf.uz\/qq\/wp-json\/wp\/v2\/media?parent=18805"}],"wp:term":[{"taxonomy":"category","embeddable":true,"href":"https:\/\/uzdjtsunf.uz\/qq\/wp-json\/wp\/v2\/categories?post=18805"},{"taxonomy":"post_tag","embeddable":true,"href":"https:\/\/uzdjtsunf.uz\/qq\/wp-json\/wp\/v2\/tags?post=18805"}],"curies":[{"name":"wp","href":"https:\/\/api.w.org\/{rel}","templated":true}]}}