{"id":19445,"date":"2025-10-06T16:06:29","date_gmt":"2025-10-06T11:06:29","guid":{"rendered":"https:\/\/uzdjtsunf.uz\/?p=19445"},"modified":"2025-10-06T16:06:29","modified_gmt":"2025-10-06T11:06:29","slug":"qizlar-jamoasi-kubok-golibi","status":"publish","type":"post","link":"https:\/\/uzdjtsunf.uz\/qq\/19445\/","title":{"rendered":"Q\u0131zlar komandas\u0131 kubog je\u0144impaz\u0131"},"content":{"rendered":"<p><\/p>\n<p><img loading=\"lazy\" decoding=\"async\" class=\"aligncenter wp-image-19448\" src=\"https:\/\/uzdjtsunf.uz\/wp-content\/uploads\/2025\/10\/33-1.jpg\" alt=\"\" width=\"1319\" height=\"650\" srcset=\"https:\/\/uzdjtsunf.uz\/wp-content\/uploads\/2025\/10\/33-1.jpg 917w, https:\/\/uzdjtsunf.uz\/wp-content\/uploads\/2025\/10\/33-1-300x148.jpg 300w, https:\/\/uzdjtsunf.uz\/wp-content\/uploads\/2025\/10\/33-1-768x379.jpg 768w\" sizes=\"auto, (max-width: 1319px) 100vw, 1319px\" \/><\/p>\n<p style=\"text-align: justify;\"><span style=\"font-family: 'times new roman', times, serif; font-size: 14pt;\">\u00abSalamatl\u0131q marafon\u0131 &#8211; bax\u0131tl\u0131 \u00f3mirge q\u00e1dem\u00bb atamas\u0131nda \u00f3tkerilip at\u0131r\u01f5an sport ilaj\u0131 she\u0144berinde N\u00f3kis qalas\u0131nda sayland\u0131 q\u0131zlar komandalar\u0131 aras\u0131nda Qaraqalpaqstan Respublikas\u0131 Ishki isler ministri kubogi jar\u0131s\u0131 \u00f3tkerildi.<\/span><\/p>\n<p><img loading=\"lazy\" decoding=\"async\" class=\"aligncenter wp-image-19449\" src=\"https:\/\/uzdjtsunf.uz\/wp-content\/uploads\/2025\/10\/44-1.jpg\" alt=\"\" width=\"1328\" height=\"730\" srcset=\"https:\/\/uzdjtsunf.uz\/wp-content\/uploads\/2025\/10\/44-1.jpg 817w, https:\/\/uzdjtsunf.uz\/wp-content\/uploads\/2025\/10\/44-1-300x165.jpg 300w, https:\/\/uzdjtsunf.uz\/wp-content\/uploads\/2025\/10\/44-1-768x422.jpg 768w\" sizes=\"auto, (max-width: 1328px) 100vw, 1328px\" \/><\/p>\n<p style=\"text-align: justify;\"><span style=\"font-family: 'times new roman', times, serif; font-size: 14pt;\">Eki k\u00fan dawam etken jar\u0131sta qalam\u0131zda\u01f5\u0131 joqar\u0131 oq\u0131w or\u0131nlar\u0131 h\u00e1m sport mekteplerini\u0144 sayland\u0131 komandalar\u0131 \u00f3z-ara bellesti.<\/span><\/p>\n<p><img loading=\"lazy\" decoding=\"async\" class=\"aligncenter wp-image-19446\" src=\"https:\/\/uzdjtsunf.uz\/wp-content\/uploads\/2025\/10\/11-1.jpg\" alt=\"\" width=\"1324\" height=\"700\" srcset=\"https:\/\/uzdjtsunf.uz\/wp-content\/uploads\/2025\/10\/11-1.jpg 853w, https:\/\/uzdjtsunf.uz\/wp-content\/uploads\/2025\/10\/11-1-300x159.jpg 300w, https:\/\/uzdjtsunf.uz\/wp-content\/uploads\/2025\/10\/11-1-768x406.jpg 768w\" sizes=\"auto, (max-width: 1324px) 100vw, 1324px\" \/><\/p>\n<p style=\"text-align: justify;\"><span style=\"font-family: 'times new roman', times, serif; font-size: 14pt;\">Q\u0131z\u01f5\u0131n bellesiwlerge bay t\u00e1rizde bol\u0131p \u00f3tken jar\u0131s juwma\u01f5\u0131nda \u00d3zbekstan m\u00e1mleketlik dene t\u00e1rbiyas\u0131 h\u00e1m sport universiteti N\u00f3kis filial\u0131 q\u0131zlar komandas\u0131 barl\u0131q qars\u0131laslar\u0131nan \u00fastin kelip 1-or\u0131nd\u0131 iyeledi h\u00e1m jar\u0131s sh\u00f3lkemlestiriwshileri t\u00e1repinen Diplom, medal, estelik saw\u01f5alar\u0131 menen s\u0131yl\u0131qland\u0131.<\/span><\/p>\n<p><img loading=\"lazy\" decoding=\"async\" class=\"aligncenter wp-image-19447\" src=\"https:\/\/uzdjtsunf.uz\/wp-content\/uploads\/2025\/10\/22-1.jpg\" alt=\"\" width=\"1317\" height=\"864\" srcset=\"https:\/\/uzdjtsunf.uz\/wp-content\/uploads\/2025\/10\/22-1.jpg 683w, https:\/\/uzdjtsunf.uz\/wp-content\/uploads\/2025\/10\/22-1-300x197.jpg 300w\" sizes=\"auto, (max-width: 1317px) 100vw, 1317px\" \/><\/p>\n<p style=\"text-align: justify;\"><span style=\"font-family: 'times new roman', times, serif; font-size: 14pt;\">Komanda a\u01f5zalar\u0131n jar\u0131sqa Maxsuda Yuldasheva h\u00e1m Tilewbay N\u00e1wbetullaevlar tayarlad\u0131.<\/span><\/p>\n<p><img loading=\"lazy\" decoding=\"async\" class=\"aligncenter wp-image-19453\" src=\"https:\/\/uzdjtsunf.uz\/wp-content\/uploads\/2025\/10\/80-e1759748543333.jpg\" alt=\"\" width=\"1323\" height=\"584\" srcset=\"https:\/\/uzdjtsunf.uz\/wp-content\/uploads\/2025\/10\/80-e1759748543333.jpg 1237w, https:\/\/uzdjtsunf.uz\/wp-content\/uploads\/2025\/10\/80-e1759748543333-300x132.jpg 300w, https:\/\/uzdjtsunf.uz\/wp-content\/uploads\/2025\/10\/80-e1759748543333-1024x452.jpg 1024w, https:\/\/uzdjtsunf.uz\/wp-content\/uploads\/2025\/10\/80-e1759748543333-768x339.jpg 768w\" sizes=\"auto, (max-width: 1323px) 100vw, 1323px\" \/><\/p>\n<p style=\"text-align: right;\"><strong><span style=\"font-family: 'times new roman', times, serif; font-size: 14pt;\">Filial Baspas\u00f3z x\u0131zmeti.<\/span><\/strong><\/p>\n<p><\/p>","protected":false},"excerpt":{"rendered":"<p>\u00abSalamatl\u0131q marafon\u0131 &#8211; bax\u0131tl\u0131 \u00f3mirge q\u00e1dem\u00bb atamas\u0131nda \u00f3tkerilip at\u0131r\u01f5an sport ilaj\u0131 she\u0144berinde N\u00f3kis qalas\u0131nda sayland\u0131 q\u0131zlar komandalar\u0131 aras\u0131nda Qaraqalpaqstan Respublikas\u0131 Ishki isler ministri kubogi jar\u0131s\u0131 \u00f3tkerildi. Eki k\u00fan dawam etken jar\u0131sta qalam\u0131zda\u01f5\u0131 joqar\u0131 oq\u0131w or\u0131nlar\u0131 h\u00e1m sport mekteplerini\u0144 sayland\u0131 komandalar\u0131 \u00f3z-ara bellesti. Q\u0131z\u01f5\u0131n bellesiwlerge bay t\u00e1rizde bol\u0131p \u00f3tken jar\u0131s juwma\u01f5\u0131nda \u00d3zbekstan m\u00e1mleketlik dene t\u00e1rbiyas\u0131 h\u00e1m [&hellip;]<\/p>\n","protected":false},"author":87,"featured_media":19447,"comment_status":"closed","ping_status":"closed","sticky":false,"template":"","format":"standard","meta":{"footnotes":""},"categories":[7,10,3],"tags":[],"class_list":["post-19445","post","type-post","status-publish","format-standard","has-post-thumbnail","hentry","category-articles","category-sports-events","category-news"],"_links":{"self":[{"href":"https:\/\/uzdjtsunf.uz\/qq\/wp-json\/wp\/v2\/posts\/19445","targetHints":{"allow":["GET"]}}],"collection":[{"href":"https:\/\/uzdjtsunf.uz\/qq\/wp-json\/wp\/v2\/posts"}],"about":[{"href":"https:\/\/uzdjtsunf.uz\/qq\/wp-json\/wp\/v2\/types\/post"}],"author":[{"embeddable":true,"href":"https:\/\/uzdjtsunf.uz\/qq\/wp-json\/wp\/v2\/users\/87"}],"replies":[{"embeddable":true,"href":"https:\/\/uzdjtsunf.uz\/qq\/wp-json\/wp\/v2\/comments?post=19445"}],"version-history":[{"count":1,"href":"https:\/\/uzdjtsunf.uz\/qq\/wp-json\/wp\/v2\/posts\/19445\/revisions"}],"predecessor-version":[{"id":19454,"href":"https:\/\/uzdjtsunf.uz\/qq\/wp-json\/wp\/v2\/posts\/19445\/revisions\/19454"}],"wp:featuredmedia":[{"embeddable":true,"href":"https:\/\/uzdjtsunf.uz\/qq\/wp-json\/wp\/v2\/media\/19447"}],"wp:attachment":[{"href":"https:\/\/uzdjtsunf.uz\/qq\/wp-json\/wp\/v2\/media?parent=19445"}],"wp:term":[{"taxonomy":"category","embeddable":true,"href":"https:\/\/uzdjtsunf.uz\/qq\/wp-json\/wp\/v2\/categories?post=19445"},{"taxonomy":"post_tag","embeddable":true,"href":"https:\/\/uzdjtsunf.uz\/qq\/wp-json\/wp\/v2\/tags?post=19445"}],"curies":[{"name":"wp","href":"https:\/\/api.w.org\/{rel}","templated":true}]}}