{"id":20194,"date":"2025-11-11T16:17:01","date_gmt":"2025-11-11T11:17:01","guid":{"rendered":"https:\/\/uzdjtsunf.uz\/?p=20194"},"modified":"2025-11-11T16:17:01","modified_gmt":"2025-11-11T11:17:01","slug":"sana-munosabati-bilan-bayram-sovgalari-topshirildi","status":"publish","type":"post","link":"https:\/\/uzdjtsunf.uz\/qq\/20194\/","title":{"rendered":"S\u00e1ne m\u00fan\u00e1sibeti menen bayram saw\u01f5alar\u0131 taps\u0131r\u0131ld\u0131"},"content":{"rendered":"<p><\/p>\n<p><img loading=\"lazy\" decoding=\"async\" class=\"aligncenter wp-image-20199\" src=\"https:\/\/uzdjtsunf.uz\/wp-content\/uploads\/2025\/11\/55-2-e1762859562491.jpg\" alt=\"\" width=\"1182\" height=\"670\" srcset=\"https:\/\/uzdjtsunf.uz\/wp-content\/uploads\/2025\/11\/55-2-e1762859562491.jpg 720w, https:\/\/uzdjtsunf.uz\/wp-content\/uploads\/2025\/11\/55-2-e1762859562491-300x170.jpg 300w\" sizes=\"auto, (max-width: 1182px) 100vw, 1182px\" \/><\/p>\n<p style=\"text-align: justify;\"><span style=\"font-family: 'times new roman', times, serif; font-size: 14pt;\">2020-j\u0131l\u0131 11-noyabr k\u00fani Tashkent qalas\u0131nda bol\u0131p \u00f3tken \u00d3zbekstan K\u00e1siplik awqamlar\u0131 federaciyas\u0131n\u0131\u0144 VIII qur\u0131ltay\u0131nda \u00d3zbekstan Respublikas\u0131 Prezidenti Shavkat Mirziyoyevti\u0144 qur\u0131ltay qatnas\u0131wsh\u0131lar\u0131na jolla\u01f5an qutl\u0131qlaw\u0131nda 11-noyabrdi \u00abK\u00e1siplik awqamlar\u0131 k\u00fani\u00bb dep belgilew us\u0131n\u0131s etilgen edi.<\/span><\/p>\n<p><img loading=\"lazy\" decoding=\"async\" class=\"aligncenter wp-image-20195\" src=\"https:\/\/uzdjtsunf.uz\/wp-content\/uploads\/2025\/11\/11-6-e1762859604121.jpg\" alt=\"\" width=\"1187\" height=\"630\" srcset=\"https:\/\/uzdjtsunf.uz\/wp-content\/uploads\/2025\/11\/11-6-e1762859604121.jpg 720w, https:\/\/uzdjtsunf.uz\/wp-content\/uploads\/2025\/11\/11-6-e1762859604121-300x159.jpg 300w\" sizes=\"auto, (max-width: 1187px) 100vw, 1187px\" \/><\/p>\n<p style=\"text-align: justify;\"><span style=\"font-family: 'times new roman', times, serif; font-size: 14pt;\">S\u00e1ne m\u00fan\u00e1sibeti \u00d3zbekstan m\u00e1mleketlik dene t\u00e1rbiyas\u0131 h\u00e1m sport universiteti N\u00f3kis filial\u0131 K\u00e1siplik awqam\u0131 komiteti basl\u0131\u01f5\u0131 Azamat Primbetov filial professor-oq\u0131t\u0131wsh\u0131s\u0131 Q\u0131rm\u0131z\u0131 Mambetkasimova menen birgelikte filialda islewshi h\u00e1zirgi k\u00fande biytap bol\u0131p \u00fayinde emlenip at\u0131r\u01f5an Paraxat Berdimuratovt\u0131\u0144 hal\u0131nan xabar ald\u0131 h\u00e1m o\u01f5an bayram saw\u01f5alar\u0131n taps\u0131rd\u0131.<\/span><\/p>\n<p><img loading=\"lazy\" decoding=\"async\" class=\"aligncenter wp-image-20196\" src=\"https:\/\/uzdjtsunf.uz\/wp-content\/uploads\/2025\/11\/22-5.jpg\" alt=\"\" width=\"1202\" height=\"801\" srcset=\"https:\/\/uzdjtsunf.uz\/wp-content\/uploads\/2025\/11\/22-5.jpg 720w, https:\/\/uzdjtsunf.uz\/wp-content\/uploads\/2025\/11\/22-5-300x200.jpg 300w\" sizes=\"auto, (max-width: 1202px) 100vw, 1202px\" \/><\/p>\n<p style=\"text-align: justify;\"><span style=\"font-family: 'times new roman', times, serif; font-size: 14pt;\">Ja\u01f5day\u0131nan xabar al\u0131w\u01f5a kelgen filial miynet j\u00e1m\u00e1\u00e1tine \u00f3z minnetdarsh\u0131l\u0131\u01f5\u0131n bildirdi h\u00e1m p\u00e1tiyas\u0131n berdi.<\/span><\/p>\n<p style=\"text-align: right;\"><strong><span style=\"font-family: 'times new roman', times, serif; font-size: 14pt;\">Filial Baspas\u00f3z x\u0131zmeti.<\/span><\/strong><\/p>\n<p><\/p>","protected":false},"excerpt":{"rendered":"<p>2020-j\u0131l\u0131 11-noyabr k\u00fani Tashkent qalas\u0131nda bol\u0131p \u00f3tken \u00d3zbekstan K\u00e1siplik awqamlar\u0131 federaciyas\u0131n\u0131\u0144 VIII qur\u0131ltay\u0131nda \u00d3zbekstan Respublikas\u0131 Prezidenti Shavkat Mirziyoyevti\u0144 qur\u0131ltay qatnas\u0131wsh\u0131lar\u0131na jolla\u01f5an qutl\u0131qlaw\u0131nda 11-noyabrdi \u00abK\u00e1siplik awqamlar\u0131 k\u00fani\u00bb dep belgilew us\u0131n\u0131s etilgen edi. S\u00e1ne m\u00fan\u00e1sibeti \u00d3zbekstan m\u00e1mleketlik dene t\u00e1rbiyas\u0131 h\u00e1m sport universiteti N\u00f3kis filial\u0131 K\u00e1siplik awqam\u0131 komiteti basl\u0131\u01f5\u0131 Azamat Primbetov filial professor-oq\u0131t\u0131wsh\u0131s\u0131 Q\u0131rm\u0131z\u0131 Mambetkasimova menen birgelikte filialda [&hellip;]<\/p>\n","protected":false},"author":87,"featured_media":20199,"comment_status":"closed","ping_status":"closed","sticky":false,"template":"","format":"standard","meta":{"footnotes":""},"categories":[9,7,3],"tags":[],"class_list":["post-20194","post","type-post","status-publish","format-standard","has-post-thumbnail","hentry","category-cultural-and-educational-events","category-articles","category-news"],"_links":{"self":[{"href":"https:\/\/uzdjtsunf.uz\/qq\/wp-json\/wp\/v2\/posts\/20194","targetHints":{"allow":["GET"]}}],"collection":[{"href":"https:\/\/uzdjtsunf.uz\/qq\/wp-json\/wp\/v2\/posts"}],"about":[{"href":"https:\/\/uzdjtsunf.uz\/qq\/wp-json\/wp\/v2\/types\/post"}],"author":[{"embeddable":true,"href":"https:\/\/uzdjtsunf.uz\/qq\/wp-json\/wp\/v2\/users\/87"}],"replies":[{"embeddable":true,"href":"https:\/\/uzdjtsunf.uz\/qq\/wp-json\/wp\/v2\/comments?post=20194"}],"version-history":[{"count":1,"href":"https:\/\/uzdjtsunf.uz\/qq\/wp-json\/wp\/v2\/posts\/20194\/revisions"}],"predecessor-version":[{"id":20200,"href":"https:\/\/uzdjtsunf.uz\/qq\/wp-json\/wp\/v2\/posts\/20194\/revisions\/20200"}],"wp:featuredmedia":[{"embeddable":true,"href":"https:\/\/uzdjtsunf.uz\/qq\/wp-json\/wp\/v2\/media\/20199"}],"wp:attachment":[{"href":"https:\/\/uzdjtsunf.uz\/qq\/wp-json\/wp\/v2\/media?parent=20194"}],"wp:term":[{"taxonomy":"category","embeddable":true,"href":"https:\/\/uzdjtsunf.uz\/qq\/wp-json\/wp\/v2\/categories?post=20194"},{"taxonomy":"post_tag","embeddable":true,"href":"https:\/\/uzdjtsunf.uz\/qq\/wp-json\/wp\/v2\/tags?post=20194"}],"curies":[{"name":"wp","href":"https:\/\/api.w.org\/{rel}","templated":true}]}}