{"id":20317,"date":"2025-11-15T13:44:49","date_gmt":"2025-11-15T08:44:49","guid":{"rendered":"https:\/\/uzdjtsunf.uz\/?p=20317"},"modified":"2025-11-15T13:51:58","modified_gmt":"2025-11-15T08:51:58","slug":"filial-mehnat-jamoasi-va-talabalar-loyiha-doirasida-daraxt-kochatlarini-ekdi","status":"publish","type":"post","link":"https:\/\/uzdjtsunf.uz\/qq\/20317\/","title":{"rendered":"Filial miynet j\u00e1m\u00e1\u00e1ti h\u00e1m studentler joybar she\u0144berinde terek n\u00e1llerin ekti"},"content":{"rendered":"<p><\/p>\n<p><img loading=\"lazy\" decoding=\"async\" class=\"size-full wp-image-20320 aligncenter\" src=\"https:\/\/uzdjtsunf.uz\/wp-content\/uploads\/2025\/11\/77-1-e1763195887867.jpg\" alt=\"\" width=\"1225\" height=\"885\" srcset=\"https:\/\/uzdjtsunf.uz\/wp-content\/uploads\/2025\/11\/77-1-e1763195887867.jpg 1225w, https:\/\/uzdjtsunf.uz\/wp-content\/uploads\/2025\/11\/77-1-e1763195887867-300x217.jpg 300w, https:\/\/uzdjtsunf.uz\/wp-content\/uploads\/2025\/11\/77-1-e1763195887867-1024x740.jpg 1024w, https:\/\/uzdjtsunf.uz\/wp-content\/uploads\/2025\/11\/77-1-e1763195887867-768x555.jpg 768w\" sizes=\"auto, (max-width: 1225px) 100vw, 1225px\" \/><\/p>\n<p style=\"text-align: justify;\"><span style=\"font-family: 'times new roman', times, serif; font-size: 14pt;\">Prezidentimizdi\u0144 tikeley baslamas\u0131 menen jol\u01f5a qoy\u0131l\u01f5an \u201cJas\u0131l m\u00e1kan\u201d ul\u0131wma milliy joybar\u0131 she\u0144berinde respublikam\u0131z ayma\u01f5\u0131nda h\u00e1r j\u0131l\u0131 millionla\u01f5an terek t\u00e1lleri egilmekte.<\/span><\/p>\n<p style=\"text-align: justify;\"><img loading=\"lazy\" decoding=\"async\" class=\"aligncenter wp-image-20319\" src=\"https:\/\/uzdjtsunf.uz\/wp-content\/uploads\/2025\/11\/66-1-e1763195922516.jpg\" alt=\"\" width=\"1229\" height=\"865\" srcset=\"https:\/\/uzdjtsunf.uz\/wp-content\/uploads\/2025\/11\/66-1-e1763195922516.jpg 1088w, https:\/\/uzdjtsunf.uz\/wp-content\/uploads\/2025\/11\/66-1-e1763195922516-300x211.jpg 300w, https:\/\/uzdjtsunf.uz\/wp-content\/uploads\/2025\/11\/66-1-e1763195922516-1024x721.jpg 1024w, https:\/\/uzdjtsunf.uz\/wp-content\/uploads\/2025\/11\/66-1-e1763195922516-768x541.jpg 768w\" sizes=\"auto, (max-width: 1229px) 100vw, 1229px\" \/><\/p>\n<p style=\"text-align: justify;\"><span style=\"font-family: 'times new roman', times, serif; font-size: 14pt;\">Bul baslama elimizde ana t\u00e1biyatt\u0131 qor\u01f5aw, jas\u0131l qaplamal\u0131 aymaqlard\u0131\u0144 maydan\u0131n ke\u0144eytiw, \u00e1sirese, xalq\u0131m\u0131zda ekologiyal\u0131q m\u00e1deniyatt\u0131 art\u0131r\u0131wda \u00e1hmiyetli or\u0131n iyelemekte.<\/span><\/p>\n<p style=\"text-align: justify;\"><img loading=\"lazy\" decoding=\"async\" class=\"aligncenter wp-image-20321\" src=\"https:\/\/uzdjtsunf.uz\/wp-content\/uploads\/2025\/11\/88-e1763195975787.jpg\" alt=\"\" width=\"1241\" height=\"737\" srcset=\"https:\/\/uzdjtsunf.uz\/wp-content\/uploads\/2025\/11\/88-e1763195975787.jpg 1280w, https:\/\/uzdjtsunf.uz\/wp-content\/uploads\/2025\/11\/88-e1763195975787-300x178.jpg 300w, https:\/\/uzdjtsunf.uz\/wp-content\/uploads\/2025\/11\/88-e1763195975787-1024x608.jpg 1024w, https:\/\/uzdjtsunf.uz\/wp-content\/uploads\/2025\/11\/88-e1763195975787-768x456.jpg 768w\" sizes=\"auto, (max-width: 1241px) 100vw, 1241px\" \/><\/p>\n<p style=\"text-align: justify;\"><span style=\"font-family: 'times new roman', times, serif; font-size: 14pt;\">B\u00fagin \u00d3zbekstan m\u00e1mleketlik dene t\u00e1rbiyas\u0131 h\u00e1m sport universiteti N\u00f3kis filial\u0131 miynet j\u00e1m\u00e1\u00e1ti h\u00e1m studentler filial direktor\u0131 bassh\u0131l\u0131\u01f5\u0131nda \u201cJas\u0131l m\u00e1kan\u201d ul\u0131wma milliy joybar\u0131 she\u0144berinde qalam\u0131zda belgilengen or\u0131n\u01f5a terek n\u00e1llerin egiwge belsene qatnast\u0131.<\/span><\/p>\n<p><img loading=\"lazy\" decoding=\"async\" class=\"aligncenter wp-image-20322\" src=\"https:\/\/uzdjtsunf.uz\/wp-content\/uploads\/2025\/11\/99-e1763196048274.jpg\" alt=\"\" width=\"1246\" height=\"874\" srcset=\"https:\/\/uzdjtsunf.uz\/wp-content\/uploads\/2025\/11\/99-e1763196048274.jpg 1280w, https:\/\/uzdjtsunf.uz\/wp-content\/uploads\/2025\/11\/99-e1763196048274-300x210.jpg 300w, https:\/\/uzdjtsunf.uz\/wp-content\/uploads\/2025\/11\/99-e1763196048274-1024x718.jpg 1024w, https:\/\/uzdjtsunf.uz\/wp-content\/uploads\/2025\/11\/99-e1763196048274-768x539.jpg 768w\" sizes=\"auto, (max-width: 1246px) 100vw, 1246px\" \/><\/p>\n<p style=\"text-align: justify;\">\u00a0<\/p>\n<p style=\"text-align: justify;\"><span style=\"font-family: 'times new roman', times, serif; font-size: 14pt;\">Filial miynet j\u00e1m\u00e1\u00e1ti h\u00e1m studentler t\u00e1repinen egilgen terek n\u00e1lleri keleshekte \u00falken jas\u0131l qaplamal\u0131 maydan\u01f5a aylan\u0131p ana t\u00e1biyat\u0131m\u0131zd\u0131\u0144 elede k\u00f3rkeyiwine tiykar jaratad\u0131 dep oylaym\u0131z.<\/span><\/p>\n<p style=\"text-align: right;\"><strong><span style=\"font-family: 'times new roman', times, serif; font-size: 14pt;\">Filial Baspas\u00f3z x\u0131zmeti.<\/span><\/strong><\/p>\n<p><\/p>","protected":false},"excerpt":{"rendered":"<p>Prezidentimizdi\u0144 tikeley baslamas\u0131 menen jol\u01f5a qoy\u0131l\u01f5an \u201cJas\u0131l m\u00e1kan\u201d ul\u0131wma milliy joybar\u0131 she\u0144berinde respublikam\u0131z ayma\u01f5\u0131nda h\u00e1r j\u0131l\u0131 millionla\u01f5an terek t\u00e1lleri egilmekte. Bul baslama elimizde ana t\u00e1biyatt\u0131 qor\u01f5aw, jas\u0131l qaplamal\u0131 aymaqlard\u0131\u0144 maydan\u0131n ke\u0144eytiw, \u00e1sirese, xalq\u0131m\u0131zda ekologiyal\u0131q m\u00e1deniyatt\u0131 art\u0131r\u0131wda \u00e1hmiyetli or\u0131n iyelemekte. B\u00fagin \u00d3zbekstan m\u00e1mleketlik dene t\u00e1rbiyas\u0131 h\u00e1m sport universiteti N\u00f3kis filial\u0131 miynet j\u00e1m\u00e1\u00e1ti h\u00e1m studentler filial direktor\u0131 [&hellip;]<\/p>\n","protected":false},"author":87,"featured_media":20320,"comment_status":"closed","ping_status":"closed","sticky":false,"template":"","format":"standard","meta":{"footnotes":""},"categories":[9,7,3],"tags":[],"class_list":["post-20317","post","type-post","status-publish","format-standard","has-post-thumbnail","hentry","category-cultural-and-educational-events","category-articles","category-news"],"_links":{"self":[{"href":"https:\/\/uzdjtsunf.uz\/qq\/wp-json\/wp\/v2\/posts\/20317","targetHints":{"allow":["GET"]}}],"collection":[{"href":"https:\/\/uzdjtsunf.uz\/qq\/wp-json\/wp\/v2\/posts"}],"about":[{"href":"https:\/\/uzdjtsunf.uz\/qq\/wp-json\/wp\/v2\/types\/post"}],"author":[{"embeddable":true,"href":"https:\/\/uzdjtsunf.uz\/qq\/wp-json\/wp\/v2\/users\/87"}],"replies":[{"embeddable":true,"href":"https:\/\/uzdjtsunf.uz\/qq\/wp-json\/wp\/v2\/comments?post=20317"}],"version-history":[{"count":2,"href":"https:\/\/uzdjtsunf.uz\/qq\/wp-json\/wp\/v2\/posts\/20317\/revisions"}],"predecessor-version":[{"id":20324,"href":"https:\/\/uzdjtsunf.uz\/qq\/wp-json\/wp\/v2\/posts\/20317\/revisions\/20324"}],"wp:featuredmedia":[{"embeddable":true,"href":"https:\/\/uzdjtsunf.uz\/qq\/wp-json\/wp\/v2\/media\/20320"}],"wp:attachment":[{"href":"https:\/\/uzdjtsunf.uz\/qq\/wp-json\/wp\/v2\/media?parent=20317"}],"wp:term":[{"taxonomy":"category","embeddable":true,"href":"https:\/\/uzdjtsunf.uz\/qq\/wp-json\/wp\/v2\/categories?post=20317"},{"taxonomy":"post_tag","embeddable":true,"href":"https:\/\/uzdjtsunf.uz\/qq\/wp-json\/wp\/v2\/tags?post=20317"}],"curies":[{"name":"wp","href":"https:\/\/api.w.org\/{rel}","templated":true}]}}