{"id":21209,"date":"2026-02-04T16:56:44","date_gmt":"2026-02-04T11:56:44","guid":{"rendered":"https:\/\/uzdjtsunf.uz\/qq\/?p=21209"},"modified":"2026-02-04T17:06:21","modified_gmt":"2026-02-04T12:06:21","slug":"kitobxon-talabalar-yozuvchi-bilan-uchrashdi","status":"publish","type":"post","link":"https:\/\/uzdjtsunf.uz\/qq\/21209\/","title":{"rendered":"Kitapqumar studentler jaz\u0131wsh\u0131 menen ush\u0131rast\u0131"},"content":{"rendered":"<p><\/p>\n<p><img loading=\"lazy\" decoding=\"async\" class=\"size-full wp-image-21197 aligncenter\" src=\"https:\/\/uzdjtsunf.uz\/wp-content\/uploads\/2026\/02\/33-2-e1770205991153.jpg\" alt=\"\" width=\"2560\" height=\"1762\" srcset=\"https:\/\/uzdjtsunf.uz\/wp-content\/uploads\/2026\/02\/33-2-e1770205991153.jpg 2560w, https:\/\/uzdjtsunf.uz\/wp-content\/uploads\/2026\/02\/33-2-e1770205991153-300x206.jpg 300w, https:\/\/uzdjtsunf.uz\/wp-content\/uploads\/2026\/02\/33-2-e1770205991153-1024x705.jpg 1024w, https:\/\/uzdjtsunf.uz\/wp-content\/uploads\/2026\/02\/33-2-e1770205991153-768x529.jpg 768w, https:\/\/uzdjtsunf.uz\/wp-content\/uploads\/2026\/02\/33-2-e1770205991153-1536x1057.jpg 1536w, https:\/\/uzdjtsunf.uz\/wp-content\/uploads\/2026\/02\/33-2-e1770205991153-2048x1410.jpg 2048w\" sizes=\"auto, (max-width: 2560px) 100vw, 2560px\" \/><\/p>\n<p><span style=\"font-family: 'times new roman', times, serif; font-size: 14pt;\">\u00d3zbekstan m\u00e1mleketlik dene t\u00e1rbiyas\u0131 h\u00e1m sport universiteti N\u00f3kis filial\u0131 M\u00e1limleme resurs-oray\u0131 basl\u0131\u01f5\u0131 K.T\u00f3reshova sh\u00f3lkemlestiriwinde \u00abKitapqumar\u00bb d\u00f3geregi a\u01f5zalar\u0131 menen Qaraqalpaqstan Respublikas\u0131 xal\u0131q jaz\u0131ush\u0131s\u0131,\u00a0 &#8220;Dosl\u0131q&#8221; ordeni iyesi, filologiya ilimlerini\u0144 kandidat\u0131, &#8220;Antik d\u00fanya&#8221; xal\u0131qaral\u0131q akademiya akademigi, &#8220;Alt\u0131n q\u00e1lem&#8221; s\u0131yl\u0131\u01f5\u0131 iyesi Allanazar Abdiev penen ush\u0131ras\u0131w bol\u0131p \u00f3tti.<\/span><\/p>\n<p><img loading=\"lazy\" decoding=\"async\" class=\"size-full wp-image-21201 aligncenter\" src=\"https:\/\/uzdjtsunf.uz\/wp-content\/uploads\/2026\/02\/77-1-e1770206030951.jpg\" alt=\"\" width=\"2560\" height=\"1200\" srcset=\"https:\/\/uzdjtsunf.uz\/wp-content\/uploads\/2026\/02\/77-1-e1770206030951.jpg 2560w, https:\/\/uzdjtsunf.uz\/wp-content\/uploads\/2026\/02\/77-1-e1770206030951-300x141.jpg 300w, https:\/\/uzdjtsunf.uz\/wp-content\/uploads\/2026\/02\/77-1-e1770206030951-1024x480.jpg 1024w, https:\/\/uzdjtsunf.uz\/wp-content\/uploads\/2026\/02\/77-1-e1770206030951-768x360.jpg 768w, https:\/\/uzdjtsunf.uz\/wp-content\/uploads\/2026\/02\/77-1-e1770206030951-1536x720.jpg 1536w, https:\/\/uzdjtsunf.uz\/wp-content\/uploads\/2026\/02\/77-1-e1770206030951-2048x960.jpg 2048w\" sizes=\"auto, (max-width: 2560px) 100vw, 2560px\" \/><\/p>\n<p><span style=\"font-family: 'times new roman', times, serif; font-size: 14pt;\">Onda xalq\u0131m\u0131z\u01f5a belgili jaz\u0131wsh\u0131 Allanazar Abdiev ush\u0131ras\u0131w qatnas\u0131wsh\u0131lar\u0131na \u00f3zini\u0144 \u00f3mir jol\u0131, d\u00f3retiwshiligi, h\u00e1r bir sh\u0131\u01f5armas\u0131n\u0131\u0144 d\u00f3reliw tariyx\u0131 h\u00e1m us\u0131 k\u00fange shekem baspadan jar\u0131q k\u00f3rgen kitaplar\u0131 haqq\u0131nda ke\u0144 t\u00farde t\u00fasinikler berdi.<\/span><\/p>\n<p><img loading=\"lazy\" decoding=\"async\" class=\"size-full wp-image-21200 aligncenter\" src=\"https:\/\/uzdjtsunf.uz\/wp-content\/uploads\/2026\/02\/66-2-e1770206074339.jpg\" alt=\"\" width=\"2560\" height=\"1728\" srcset=\"https:\/\/uzdjtsunf.uz\/wp-content\/uploads\/2026\/02\/66-2-e1770206074339.jpg 2560w, https:\/\/uzdjtsunf.uz\/wp-content\/uploads\/2026\/02\/66-2-e1770206074339-300x203.jpg 300w, https:\/\/uzdjtsunf.uz\/wp-content\/uploads\/2026\/02\/66-2-e1770206074339-1024x691.jpg 1024w, https:\/\/uzdjtsunf.uz\/wp-content\/uploads\/2026\/02\/66-2-e1770206074339-768x518.jpg 768w, https:\/\/uzdjtsunf.uz\/wp-content\/uploads\/2026\/02\/66-2-e1770206074339-1536x1037.jpg 1536w, https:\/\/uzdjtsunf.uz\/wp-content\/uploads\/2026\/02\/66-2-e1770206074339-2048x1382.jpg 2048w\" sizes=\"auto, (max-width: 2560px) 100vw, 2560px\" \/><\/p>\n<p><span style=\"font-family: 'times new roman', times, serif; font-size: 14pt;\">Ilaj so\u0144\u0131nda \u00abKitapqumar\u00bb d\u00f3geregi a\u01f5zalar\u0131 Qaraqalpaqstan Respublikas\u0131 xal\u0131q jaz\u0131ush\u0131s\u0131na \u00f3zlerin q\u0131z\u0131qt\u0131r\u01f5an sorawlar\u0131na juwaplar ald\u0131 h\u00e1m estelik ush\u0131n s\u00fawretke t\u00fasti.<\/span><\/p>\n<p><img loading=\"lazy\" decoding=\"async\" class=\"size-full wp-image-21198 aligncenter\" src=\"https:\/\/uzdjtsunf.uz\/wp-content\/uploads\/2026\/02\/44-3-e1770206141632.jpg\" alt=\"\" width=\"2492\" height=\"1342\" srcset=\"https:\/\/uzdjtsunf.uz\/wp-content\/uploads\/2026\/02\/44-3-e1770206141632.jpg 2492w, https:\/\/uzdjtsunf.uz\/wp-content\/uploads\/2026\/02\/44-3-e1770206141632-300x162.jpg 300w, https:\/\/uzdjtsunf.uz\/wp-content\/uploads\/2026\/02\/44-3-e1770206141632-1024x551.jpg 1024w, https:\/\/uzdjtsunf.uz\/wp-content\/uploads\/2026\/02\/44-3-e1770206141632-768x414.jpg 768w, https:\/\/uzdjtsunf.uz\/wp-content\/uploads\/2026\/02\/44-3-e1770206141632-1536x827.jpg 1536w, https:\/\/uzdjtsunf.uz\/wp-content\/uploads\/2026\/02\/44-3-e1770206141632-2048x1103.jpg 2048w\" sizes=\"auto, (max-width: 2492px) 100vw, 2492px\" \/><\/p>\n<p style=\"text-align: right;\"><strong><span style=\"font-family: 'times new roman', times, serif; font-size: 14pt;\">Filial Baspas\u00f3z x\u0131zmeti.<\/span><\/strong><\/p>\n<p><\/p>","protected":false},"excerpt":{"rendered":"<p>\u00d3zbekstan m\u00e1mleketlik dene t\u00e1rbiyas\u0131 h\u00e1m sport universiteti N\u00f3kis filial\u0131 M\u00e1limleme resurs-oray\u0131 basl\u0131\u01f5\u0131 K.T\u00f3reshova sh\u00f3lkemlestiriwinde \u00abKitapqumar\u00bb d\u00f3geregi a\u01f5zalar\u0131 menen Qaraqalpaqstan Respublikas\u0131 xal\u0131q jaz\u0131ush\u0131s\u0131,\u00a0 &#8220;Dosl\u0131q&#8221; ordeni iyesi, filologiya ilimlerini\u0144 kandidat\u0131, &#8220;Antik d\u00fanya&#8221; xal\u0131qaral\u0131q akademiya akademigi, &#8220;Alt\u0131n q\u00e1lem&#8221; s\u0131yl\u0131\u01f5\u0131 iyesi Allanazar Abdiev penen ush\u0131ras\u0131w bol\u0131p \u00f3tti. Onda xalq\u0131m\u0131z\u01f5a belgili jaz\u0131wsh\u0131 Allanazar Abdiev ush\u0131ras\u0131w qatnas\u0131wsh\u0131lar\u0131na \u00f3zini\u0144 \u00f3mir jol\u0131, d\u00f3retiwshiligi, [&hellip;]<\/p>\n","protected":false},"author":87,"featured_media":21197,"comment_status":"closed","ping_status":"closed","sticky":false,"template":"","format":"standard","meta":{"footnotes":""},"categories":[9,3],"tags":[],"class_list":["post-21209","post","type-post","status-publish","format-standard","has-post-thumbnail","hentry","category-cultural-and-educational-events","category-news"],"_links":{"self":[{"href":"https:\/\/uzdjtsunf.uz\/qq\/wp-json\/wp\/v2\/posts\/21209","targetHints":{"allow":["GET"]}}],"collection":[{"href":"https:\/\/uzdjtsunf.uz\/qq\/wp-json\/wp\/v2\/posts"}],"about":[{"href":"https:\/\/uzdjtsunf.uz\/qq\/wp-json\/wp\/v2\/types\/post"}],"author":[{"embeddable":true,"href":"https:\/\/uzdjtsunf.uz\/qq\/wp-json\/wp\/v2\/users\/87"}],"replies":[{"embeddable":true,"href":"https:\/\/uzdjtsunf.uz\/qq\/wp-json\/wp\/v2\/comments?post=21209"}],"version-history":[{"count":1,"href":"https:\/\/uzdjtsunf.uz\/qq\/wp-json\/wp\/v2\/posts\/21209\/revisions"}],"predecessor-version":[{"id":21210,"href":"https:\/\/uzdjtsunf.uz\/qq\/wp-json\/wp\/v2\/posts\/21209\/revisions\/21210"}],"wp:featuredmedia":[{"embeddable":true,"href":"https:\/\/uzdjtsunf.uz\/qq\/wp-json\/wp\/v2\/media\/21197"}],"wp:attachment":[{"href":"https:\/\/uzdjtsunf.uz\/qq\/wp-json\/wp\/v2\/media?parent=21209"}],"wp:term":[{"taxonomy":"category","embeddable":true,"href":"https:\/\/uzdjtsunf.uz\/qq\/wp-json\/wp\/v2\/categories?post=21209"},{"taxonomy":"post_tag","embeddable":true,"href":"https:\/\/uzdjtsunf.uz\/qq\/wp-json\/wp\/v2\/tags?post=21209"}],"curies":[{"name":"wp","href":"https:\/\/api.w.org\/{rel}","templated":true}]}}