{"id":22072,"date":"2026-04-01T22:03:20","date_gmt":"2026-04-01T17:03:20","guid":{"rendered":"https:\/\/uzdjtsunf.uz\/?p=22072"},"modified":"2026-04-01T22:10:51","modified_gmt":"2026-04-01T17:10:51","slug":"yashil-makon-yashil-tabiat-asosi","status":"publish","type":"post","link":"https:\/\/uzdjtsunf.uz\/qq\/22072\/","title":{"rendered":"&#8221;Jas\u0131l m\u00e1kan&#8221; \u2013 jas\u0131l t\u00e1biyatt\u0131\u0144 tiykar\u0131"},"content":{"rendered":"<p><\/p>\n<p><img loading=\"lazy\" decoding=\"async\" class=\"size-full wp-image-22075 aligncenter\" src=\"https:\/\/uzdjtsunf.uz\/wp-content\/uploads\/2026\/04\/22-e1775062865235.jpg\" alt=\"\" width=\"1280\" height=\"932\" srcset=\"https:\/\/uzdjtsunf.uz\/wp-content\/uploads\/2026\/04\/22-e1775062865235.jpg 1280w, https:\/\/uzdjtsunf.uz\/wp-content\/uploads\/2026\/04\/22-e1775062865235-300x218.jpg 300w, https:\/\/uzdjtsunf.uz\/wp-content\/uploads\/2026\/04\/22-e1775062865235-1024x746.jpg 1024w, https:\/\/uzdjtsunf.uz\/wp-content\/uploads\/2026\/04\/22-e1775062865235-768x559.jpg 768w\" sizes=\"auto, (max-width: 1280px) 100vw, 1280px\" \/><\/p>\n<p style=\"text-align: justify;\"><span style=\"font-family: 'times new roman', times, serif; font-size: 14pt;\">B\u00fagin \u00d3zbekstan Respublikas\u0131 Prezidenti t\u00e1repinen Respublika k\u00f3leminde &#8220;Jas\u0131l m\u00e1kan&#8221; ul\u0131wmamilliy joybar\u0131na start berildi.<\/span><\/p>\n<p style=\"text-align: justify;\"><img loading=\"lazy\" decoding=\"async\" class=\"size-full wp-image-22076 aligncenter\" src=\"https:\/\/uzdjtsunf.uz\/wp-content\/uploads\/2026\/04\/33.jpg\" alt=\"\" width=\"1280\" height=\"960\" srcset=\"https:\/\/uzdjtsunf.uz\/wp-content\/uploads\/2026\/04\/33.jpg 1280w, https:\/\/uzdjtsunf.uz\/wp-content\/uploads\/2026\/04\/33-300x225.jpg 300w, https:\/\/uzdjtsunf.uz\/wp-content\/uploads\/2026\/04\/33-1024x768.jpg 1024w, https:\/\/uzdjtsunf.uz\/wp-content\/uploads\/2026\/04\/33-768x576.jpg 768w\" sizes=\"auto, (max-width: 1280px) 100vw, 1280px\" \/><\/p>\n<p style=\"text-align: justify;\"><span style=\"font-family: 'times new roman', times, serif; font-size: 14pt;\">Onda Qaraqalpaqstan Respublikas\u0131 h\u00e1m w\u00e1layatlardan videobaylan\u0131s arqal\u0131 elimiz abadanl\u0131\u01f5\u0131na, jas\u0131l belbewlerdi payda etiwge \u00fales qos\u0131wd\u0131 niyet etken respublika belsendileri, jaslar, nuran\u0131ylar h\u00e1m hayal-q\u0131zlar, m\u00e1keme, sh\u00f3lkemler x\u0131zmetkerleri h\u00e1m ke\u0144 j\u00e1miyetshilik w\u00e1killeri qatar\u0131nda \u00d3zbekstan m\u00e1mleketlik dene t\u00e1rbiyas\u0131 h\u00e1m sport universiteti N\u00f3kis filial\u0131 miynet j\u00e1m\u00e1\u00e1ti a\u01f5zalar\u0131 h\u00e1m student-jaslar\u0131da kewilli qatnast\u0131.<\/span><\/p>\n<p style=\"text-align: justify;\"><img loading=\"lazy\" decoding=\"async\" class=\"size-full wp-image-22078 aligncenter\" src=\"https:\/\/uzdjtsunf.uz\/wp-content\/uploads\/2026\/04\/55-e1775062907425.jpg\" alt=\"\" width=\"1280\" height=\"794\" srcset=\"https:\/\/uzdjtsunf.uz\/wp-content\/uploads\/2026\/04\/55-e1775062907425.jpg 1280w, https:\/\/uzdjtsunf.uz\/wp-content\/uploads\/2026\/04\/55-e1775062907425-300x186.jpg 300w, https:\/\/uzdjtsunf.uz\/wp-content\/uploads\/2026\/04\/55-e1775062907425-1024x635.jpg 1024w, https:\/\/uzdjtsunf.uz\/wp-content\/uploads\/2026\/04\/55-e1775062907425-768x476.jpg 768w\" sizes=\"auto, (max-width: 1280px) 100vw, 1280px\" \/><\/p>\n<p style=\"text-align: justify;\"><span style=\"font-family: 'times new roman', times, serif; font-size: 14pt;\">&#8220;Jas\u0131l m\u00e1kan&#8221; ul\u0131wmamilliy joybar\u0131 she\u0144berinde \u00d3zbekstan m\u00e1mleketlik dene t\u00e1rbiyas\u0131 h\u00e1m sport universiteti N\u00f3kis filial\u0131 miynet j\u00e1m\u00e1\u00e1ti a\u01f5zalar\u0131 h\u00e1m student-jaslar\u0131da N\u00f3kis qalas\u0131nda belgilengen or\u0131nlarda terek n\u00e1llerin ot\u0131r\u01f5\u0131z\u0131w jum\u0131slar\u0131n al\u0131p bard\u0131.<\/span><\/p>\n<p><img loading=\"lazy\" decoding=\"async\" class=\"size-full wp-image-22074 aligncenter\" src=\"https:\/\/uzdjtsunf.uz\/wp-content\/uploads\/2026\/04\/11.jpg\" alt=\"\" width=\"1280\" height=\"714\" srcset=\"https:\/\/uzdjtsunf.uz\/wp-content\/uploads\/2026\/04\/11.jpg 1280w, https:\/\/uzdjtsunf.uz\/wp-content\/uploads\/2026\/04\/11-300x167.jpg 300w, https:\/\/uzdjtsunf.uz\/wp-content\/uploads\/2026\/04\/11-1024x571.jpg 1024w, https:\/\/uzdjtsunf.uz\/wp-content\/uploads\/2026\/04\/11-768x428.jpg 768w\" sizes=\"auto, (max-width: 1280px) 100vw, 1280px\" \/><\/p>\n<p style=\"text-align: right;\"><strong><span style=\"font-family: 'times new roman', times, serif; font-size: 14pt;\">Filial Baspas\u00f3z x\u0131zmeti.<\/span><\/strong><\/p>\n<p><\/p>","protected":false},"excerpt":{"rendered":"<p>B\u00fagin \u00d3zbekstan Respublikas\u0131 Prezidenti t\u00e1repinen Respublika k\u00f3leminde &#8220;Jas\u0131l m\u00e1kan&#8221; ul\u0131wmamilliy joybar\u0131na start berildi. Onda Qaraqalpaqstan Respublikas\u0131 h\u00e1m w\u00e1layatlardan videobaylan\u0131s arqal\u0131 elimiz abadanl\u0131\u01f5\u0131na, jas\u0131l belbewlerdi payda etiwge \u00fales qos\u0131wd\u0131 niyet etken respublika belsendileri, jaslar, nuran\u0131ylar h\u00e1m hayal-q\u0131zlar, m\u00e1keme, sh\u00f3lkemler x\u0131zmetkerleri h\u00e1m ke\u0144 j\u00e1miyetshilik w\u00e1killeri qatar\u0131nda \u00d3zbekstan m\u00e1mleketlik dene t\u00e1rbiyas\u0131 h\u00e1m sport universiteti N\u00f3kis filial\u0131 miynet j\u00e1m\u00e1\u00e1ti [&hellip;]<\/p>\n","protected":false},"author":87,"featured_media":22076,"comment_status":"closed","ping_status":"closed","sticky":false,"template":"","format":"standard","meta":{"footnotes":""},"categories":[3],"tags":[],"class_list":["post-22072","post","type-post","status-publish","format-standard","has-post-thumbnail","hentry","category-news"],"_links":{"self":[{"href":"https:\/\/uzdjtsunf.uz\/qq\/wp-json\/wp\/v2\/posts\/22072","targetHints":{"allow":["GET"]}}],"collection":[{"href":"https:\/\/uzdjtsunf.uz\/qq\/wp-json\/wp\/v2\/posts"}],"about":[{"href":"https:\/\/uzdjtsunf.uz\/qq\/wp-json\/wp\/v2\/types\/post"}],"author":[{"embeddable":true,"href":"https:\/\/uzdjtsunf.uz\/qq\/wp-json\/wp\/v2\/users\/87"}],"replies":[{"embeddable":true,"href":"https:\/\/uzdjtsunf.uz\/qq\/wp-json\/wp\/v2\/comments?post=22072"}],"version-history":[{"count":2,"href":"https:\/\/uzdjtsunf.uz\/qq\/wp-json\/wp\/v2\/posts\/22072\/revisions"}],"predecessor-version":[{"id":22081,"href":"https:\/\/uzdjtsunf.uz\/qq\/wp-json\/wp\/v2\/posts\/22072\/revisions\/22081"}],"wp:featuredmedia":[{"embeddable":true,"href":"https:\/\/uzdjtsunf.uz\/qq\/wp-json\/wp\/v2\/media\/22076"}],"wp:attachment":[{"href":"https:\/\/uzdjtsunf.uz\/qq\/wp-json\/wp\/v2\/media?parent=22072"}],"wp:term":[{"taxonomy":"category","embeddable":true,"href":"https:\/\/uzdjtsunf.uz\/qq\/wp-json\/wp\/v2\/categories?post=22072"},{"taxonomy":"post_tag","embeddable":true,"href":"https:\/\/uzdjtsunf.uz\/qq\/wp-json\/wp\/v2\/tags?post=22072"}],"curies":[{"name":"wp","href":"https:\/\/api.w.org\/{rel}","templated":true}]}}