{"id":5465,"date":"2021-11-06T12:18:18","date_gmt":"2021-11-06T07:18:18","guid":{"rendered":"https:\/\/uzdjtsunf.uz\/?p=5465"},"modified":"2021-11-06T12:18:18","modified_gmt":"2021-11-06T07:18:18","slug":"qaraqalpaqsha-taza-qala-keleshek-awladqa-bizden-saw%c7%b5a","status":"publish","type":"post","link":"https:\/\/uzdjtsunf.uz\/qq\/5465\/","title":{"rendered":"\u00abTaza qala\u00bb keleshek \u00e1wladqa bizden saw\u01f5a"},"content":{"rendered":"<p><\/p>\n\n\t\t<style type=\"text\/css\">\n\t\t\t#gallery-1 {\n\t\t\t\tmargin: auto;\n\t\t\t}\n\t\t\t#gallery-1 .gallery-item {\n\t\t\t\tfloat: left;\n\t\t\t\tmargin-top: 10px;\n\t\t\t\ttext-align: center;\n\t\t\t\twidth: 100%;\n\t\t\t}\n\t\t\t#gallery-1 img {\n\t\t\t\tborder: 2px solid #cfcfcf;\n\t\t\t}\n\t\t\t#gallery-1 .gallery-caption {\n\t\t\t\tmargin-left: 0;\n\t\t\t}\n\t\t\t\/* see gallery_shortcode() in wp-includes\/media.php *\/\n\t\t<\/style>\n\t\t<div id='gallery-1' class='gallery galleryid-5465 gallery-columns-1 gallery-size-full'><dl class='gallery-item'>\n\t\t\t<dt class='gallery-icon landscape'>\n\t\t\t\t<a href='https:\/\/uzdjtsunf.uz\/qq\/5465\/photo_2021-11-06_11-35-53\/'><img loading=\"lazy\" decoding=\"async\" width=\"1280\" height=\"960\" src=\"https:\/\/uzdjtsunf.uz\/wp-content\/uploads\/2021\/11\/photo_2021-11-06_11-35-53.jpg\" class=\"attachment-full size-full\" alt=\"\" srcset=\"https:\/\/uzdjtsunf.uz\/wp-content\/uploads\/2021\/11\/photo_2021-11-06_11-35-53.jpg 1280w, https:\/\/uzdjtsunf.uz\/wp-content\/uploads\/2021\/11\/photo_2021-11-06_11-35-53-300x225.jpg 300w, https:\/\/uzdjtsunf.uz\/wp-content\/uploads\/2021\/11\/photo_2021-11-06_11-35-53-768x576.jpg 768w, https:\/\/uzdjtsunf.uz\/wp-content\/uploads\/2021\/11\/photo_2021-11-06_11-35-53-1024x768.jpg 1024w\" sizes=\"auto, (max-width: 1280px) 100vw, 1280px\" \/><\/a>\n\t\t\t<\/dt><\/dl><br style=\"clear: both\" \/>\n\t\t<\/div>\n\n<p style=\"text-align: justify;\"><span style=\"font-family: 'times new roman', times, serif; font-size: 14pt;\">\u00d3zbekstan Respublikas\u0131 Prezidenti Sh.M.Mirziyoevt\u0131\u0144 2021-j\u0131l 2-noyabr k\u00fangi \u00f3tkerilgen videoselektor m\u00e1jilisinde belgilengen waz\u0131ypalard\u0131\u0144 or\u0131nlan\u0131w\u0131n t\u00e1miyinlew, sonday-aq, xal\u0131qt\u0131\u0144, \u00e1sirese, jaslard\u0131\u0144\u00a0 ekologiyal\u0131q m\u00e1deniyat\u0131n artt\u0131r\u0131w, qorsha\u01f5an ortal\u0131qqa bol\u01f5an d\u0131qqat-itibar\u0131n k\u00fasheytiw, ana t\u00e1biyatt\u0131 keleshek \u00e1wladlar ush\u0131n as\u0131rap-abaylaw, ekologiyal\u0131q ja\u01f5dayd\u0131 jaqs\u0131law h\u00e1m qorsha\u01f5an ortal\u0131qqa unams\u0131z t\u00e1sirlerdi\u0144 ald\u0131n al\u0131w maqsetinde \u00abJas\u0131l m\u00e1kan\u00bb ul\u0131wma milliy joybar\u0131 she\u0144berinde \u00abTaza qala\u00bb s\u00fareni ast\u0131nda \u01f5alabal\u0131q abadanlast\u0131r\u0131w h\u00e1m k\u00f3klemzarlast\u0131r\u0131w ilajlar\u0131 \u00e1melge as\u0131r\u0131lmaqta.<\/span><\/p>\n\n\t\t<style type=\"text\/css\">\n\t\t\t#gallery-2 {\n\t\t\t\tmargin: auto;\n\t\t\t}\n\t\t\t#gallery-2 .gallery-item {\n\t\t\t\tfloat: left;\n\t\t\t\tmargin-top: 10px;\n\t\t\t\ttext-align: center;\n\t\t\t\twidth: 100%;\n\t\t\t}\n\t\t\t#gallery-2 img {\n\t\t\t\tborder: 2px solid #cfcfcf;\n\t\t\t}\n\t\t\t#gallery-2 .gallery-caption {\n\t\t\t\tmargin-left: 0;\n\t\t\t}\n\t\t\t\/* see gallery_shortcode() in wp-includes\/media.php *\/\n\t\t<\/style>\n\t\t<div id='gallery-2' class='gallery galleryid-5465 gallery-columns-1 gallery-size-full'><dl class='gallery-item'>\n\t\t\t<dt class='gallery-icon landscape'>\n\t\t\t\t<a href='https:\/\/uzdjtsunf.uz\/qq\/5465\/photo_2021-11-06_10-38-12\/'><img loading=\"lazy\" decoding=\"async\" width=\"1280\" height=\"960\" src=\"https:\/\/uzdjtsunf.uz\/wp-content\/uploads\/2021\/11\/photo_2021-11-06_10-38-12.jpg\" class=\"attachment-full size-full\" alt=\"\" srcset=\"https:\/\/uzdjtsunf.uz\/wp-content\/uploads\/2021\/11\/photo_2021-11-06_10-38-12.jpg 1280w, https:\/\/uzdjtsunf.uz\/wp-content\/uploads\/2021\/11\/photo_2021-11-06_10-38-12-300x225.jpg 300w, https:\/\/uzdjtsunf.uz\/wp-content\/uploads\/2021\/11\/photo_2021-11-06_10-38-12-768x576.jpg 768w, https:\/\/uzdjtsunf.uz\/wp-content\/uploads\/2021\/11\/photo_2021-11-06_10-38-12-1024x768.jpg 1024w\" sizes=\"auto, (max-width: 1280px) 100vw, 1280px\" \/><\/a>\n\t\t\t<\/dt><\/dl><br style=\"clear: both\" \/>\n\t\t<\/div>\n\n<p style=\"text-align: justify;\"><span style=\"font-family: 'times new roman', times, serif; font-size: 14pt;\">Bunda \u00d3zbekstan m\u00e1mleketlik dene t\u00e1rbiyas\u0131 h\u00e1m sport universiteti N\u00f3kis filial\u0131 student jaslar\u0131 aras\u0131nan \u0131qtiyar\u0131y t\u00farde d\u00fazilgen miynet otriyadlar\u0131 \u00ab\u00e1hmiyetli 40 k\u00fan\u00bb joybar\u0131 she\u0144berinde qalam\u0131z ayma\u01f5\u0131nda \u00abJas\u0131l m\u00e1kan\u00bblard\u0131 payda etiw maqsetinde sh\u00f3lkemlestirilgen \u00abTaza qala\u00bb s\u00fareni ast\u0131nda \u00f3tkerilip at\u0131r\u01f5an \u01f5alabal\u0131q abadanlast\u0131r\u0131w h\u00e1m k\u00f3klemzarlast\u0131r\u0131w ilajlar\u0131na belsene qatnast\u0131.<\/span><\/p>\n\n\t\t<style type=\"text\/css\">\n\t\t\t#gallery-3 {\n\t\t\t\tmargin: auto;\n\t\t\t}\n\t\t\t#gallery-3 .gallery-item {\n\t\t\t\tfloat: left;\n\t\t\t\tmargin-top: 10px;\n\t\t\t\ttext-align: center;\n\t\t\t\twidth: 100%;\n\t\t\t}\n\t\t\t#gallery-3 img {\n\t\t\t\tborder: 2px solid #cfcfcf;\n\t\t\t}\n\t\t\t#gallery-3 .gallery-caption {\n\t\t\t\tmargin-left: 0;\n\t\t\t}\n\t\t\t\/* see gallery_shortcode() in wp-includes\/media.php *\/\n\t\t<\/style>\n\t\t<div id='gallery-3' class='gallery galleryid-5465 gallery-columns-1 gallery-size-full'><dl class='gallery-item'>\n\t\t\t<dt class='gallery-icon landscape'>\n\t\t\t\t<a href='https:\/\/uzdjtsunf.uz\/qq\/5465\/photo_2021-11-06_10-38-08\/'><img loading=\"lazy\" decoding=\"async\" width=\"1280\" height=\"960\" src=\"https:\/\/uzdjtsunf.uz\/wp-content\/uploads\/2021\/11\/photo_2021-11-06_10-38-08.jpg\" class=\"attachment-full size-full\" alt=\"\" srcset=\"https:\/\/uzdjtsunf.uz\/wp-content\/uploads\/2021\/11\/photo_2021-11-06_10-38-08.jpg 1280w, https:\/\/uzdjtsunf.uz\/wp-content\/uploads\/2021\/11\/photo_2021-11-06_10-38-08-300x225.jpg 300w, https:\/\/uzdjtsunf.uz\/wp-content\/uploads\/2021\/11\/photo_2021-11-06_10-38-08-768x576.jpg 768w, https:\/\/uzdjtsunf.uz\/wp-content\/uploads\/2021\/11\/photo_2021-11-06_10-38-08-1024x768.jpg 1024w\" sizes=\"auto, (max-width: 1280px) 100vw, 1280px\" \/><\/a>\n\t\t\t<\/dt><\/dl><br style=\"clear: both\" \/>\n\t\t<\/div>\n\n<p style=\"text-align: justify;\"><span style=\"font-family: 'times new roman', times, serif; font-size: 14pt;\">Erte\u0144gi k\u00fanin, keleshek \u00e1wladlard\u0131\u0144 ayd\u0131n keleshegin, ekologiyal\u0131q ja\u01f5dayd\u0131 jaqs\u0131lawd\u0131 oyla\u01f5an filial\u0131m\u0131z student jaslar\u0131 qalam\u0131z ayma\u01f5\u0131nda jas\u0131l qaplamal\u0131 aymaqlard\u0131 payda etiw maqsetinde\u00a0 terek n\u00e1llerin egip \u00f3z \u00faleslerin qospaqta.<\/span><\/p>\n\n\t\t<style type=\"text\/css\">\n\t\t\t#gallery-4 {\n\t\t\t\tmargin: auto;\n\t\t\t}\n\t\t\t#gallery-4 .gallery-item {\n\t\t\t\tfloat: left;\n\t\t\t\tmargin-top: 10px;\n\t\t\t\ttext-align: center;\n\t\t\t\twidth: 100%;\n\t\t\t}\n\t\t\t#gallery-4 img {\n\t\t\t\tborder: 2px solid #cfcfcf;\n\t\t\t}\n\t\t\t#gallery-4 .gallery-caption {\n\t\t\t\tmargin-left: 0;\n\t\t\t}\n\t\t\t\/* see gallery_shortcode() in wp-includes\/media.php *\/\n\t\t<\/style>\n\t\t<div id='gallery-4' class='gallery galleryid-5465 gallery-columns-1 gallery-size-full'><dl class='gallery-item'>\n\t\t\t<dt class='gallery-icon landscape'>\n\t\t\t\t<a href='https:\/\/uzdjtsunf.uz\/qq\/5465\/photo_2021-11-06_11-49-48\/'><img loading=\"lazy\" decoding=\"async\" width=\"1280\" height=\"960\" src=\"https:\/\/uzdjtsunf.uz\/wp-content\/uploads\/2021\/11\/photo_2021-11-06_11-49-48.jpg\" class=\"attachment-full size-full\" alt=\"\" srcset=\"https:\/\/uzdjtsunf.uz\/wp-content\/uploads\/2021\/11\/photo_2021-11-06_11-49-48.jpg 1280w, https:\/\/uzdjtsunf.uz\/wp-content\/uploads\/2021\/11\/photo_2021-11-06_11-49-48-300x225.jpg 300w, https:\/\/uzdjtsunf.uz\/wp-content\/uploads\/2021\/11\/photo_2021-11-06_11-49-48-768x576.jpg 768w, https:\/\/uzdjtsunf.uz\/wp-content\/uploads\/2021\/11\/photo_2021-11-06_11-49-48-1024x768.jpg 1024w\" sizes=\"auto, (max-width: 1280px) 100vw, 1280px\" \/><\/a>\n\t\t\t<\/dt><\/dl><br style=\"clear: both\" \/>\n\t\t<\/div>\n\n<p style=\"text-align: justify;\"><span style=\"font-family: 'times new roman', times, serif; font-size: 14pt;\">Biz filial jaslar\u0131 at\u0131nan keleshegimiz ush\u0131n \u00e1hmiyetli bol\u01f5an baslaman\u0131 qollap-quwatlaw\u01f5a b\u00e1rshe qalam\u0131z jaslar\u0131n belsendilik k\u00f3rsetiwge shaq\u0131ram\u0131z.<\/span><\/p>\n\n\t\t<style type=\"text\/css\">\n\t\t\t#gallery-5 {\n\t\t\t\tmargin: auto;\n\t\t\t}\n\t\t\t#gallery-5 .gallery-item {\n\t\t\t\tfloat: left;\n\t\t\t\tmargin-top: 10px;\n\t\t\t\ttext-align: center;\n\t\t\t\twidth: 100%;\n\t\t\t}\n\t\t\t#gallery-5 img {\n\t\t\t\tborder: 2px solid #cfcfcf;\n\t\t\t}\n\t\t\t#gallery-5 .gallery-caption {\n\t\t\t\tmargin-left: 0;\n\t\t\t}\n\t\t\t\/* see gallery_shortcode() in wp-includes\/media.php *\/\n\t\t<\/style>\n\t\t<div id='gallery-5' class='gallery galleryid-5465 gallery-columns-1 gallery-size-full'><dl class='gallery-item'>\n\t\t\t<dt class='gallery-icon landscape'>\n\t\t\t\t<a href='https:\/\/uzdjtsunf.uz\/qq\/5465\/photo_2021-11-06_11-49-58\/'><img loading=\"lazy\" decoding=\"async\" width=\"1280\" height=\"960\" src=\"https:\/\/uzdjtsunf.uz\/wp-content\/uploads\/2021\/11\/photo_2021-11-06_11-49-58.jpg\" class=\"attachment-full size-full\" alt=\"\" srcset=\"https:\/\/uzdjtsunf.uz\/wp-content\/uploads\/2021\/11\/photo_2021-11-06_11-49-58.jpg 1280w, https:\/\/uzdjtsunf.uz\/wp-content\/uploads\/2021\/11\/photo_2021-11-06_11-49-58-300x225.jpg 300w, https:\/\/uzdjtsunf.uz\/wp-content\/uploads\/2021\/11\/photo_2021-11-06_11-49-58-768x576.jpg 768w, https:\/\/uzdjtsunf.uz\/wp-content\/uploads\/2021\/11\/photo_2021-11-06_11-49-58-1024x768.jpg 1024w\" sizes=\"auto, (max-width: 1280px) 100vw, 1280px\" \/><\/a>\n\t\t\t<\/dt><\/dl><br style=\"clear: both\" \/>\n\t\t<\/div>\n\n<p style=\"text-align: justify;\"><span style=\"font-family: 'times new roman', times, serif; font-size: 14pt;\">\u00ab\u00c1hmiyetli 40 k\u00fan\u00bb joybar\u0131 qalam\u0131z boylap dawam etpekte\u2026<\/span><\/p>\n\n\t\t<style type=\"text\/css\">\n\t\t\t#gallery-6 {\n\t\t\t\tmargin: auto;\n\t\t\t}\n\t\t\t#gallery-6 .gallery-item {\n\t\t\t\tfloat: left;\n\t\t\t\tmargin-top: 10px;\n\t\t\t\ttext-align: center;\n\t\t\t\twidth: 100%;\n\t\t\t}\n\t\t\t#gallery-6 img {\n\t\t\t\tborder: 2px solid #cfcfcf;\n\t\t\t}\n\t\t\t#gallery-6 .gallery-caption {\n\t\t\t\tmargin-left: 0;\n\t\t\t}\n\t\t\t\/* see gallery_shortcode() in wp-includes\/media.php *\/\n\t\t<\/style>\n\t\t<div id='gallery-6' class='gallery galleryid-5465 gallery-columns-1 gallery-size-full'><dl class='gallery-item'>\n\t\t\t<dt class='gallery-icon landscape'>\n\t\t\t\t<a href='https:\/\/uzdjtsunf.uz\/qq\/5465\/%d1%82%d0%b0%d0%b7%d0%b0-%d0%ba%d0%b0%d0%bb%d0%b0\/'><img loading=\"lazy\" decoding=\"async\" width=\"1280\" height=\"960\" src=\"https:\/\/uzdjtsunf.uz\/wp-content\/uploads\/2021\/11\/\u0422\u0430\u0437\u0430-\u043a\u0430\u043b\u0430.jpg\" class=\"attachment-full size-full\" alt=\"\" srcset=\"https:\/\/uzdjtsunf.uz\/wp-content\/uploads\/2021\/11\/\u0422\u0430\u0437\u0430-\u043a\u0430\u043b\u0430.jpg 1280w, https:\/\/uzdjtsunf.uz\/wp-content\/uploads\/2021\/11\/\u0422\u0430\u0437\u0430-\u043a\u0430\u043b\u0430-300x225.jpg 300w, https:\/\/uzdjtsunf.uz\/wp-content\/uploads\/2021\/11\/\u0422\u0430\u0437\u0430-\u043a\u0430\u043b\u0430-768x576.jpg 768w, https:\/\/uzdjtsunf.uz\/wp-content\/uploads\/2021\/11\/\u0422\u0430\u0437\u0430-\u043a\u0430\u043b\u0430-1024x768.jpg 1024w\" sizes=\"auto, (max-width: 1280px) 100vw, 1280px\" \/><\/a>\n\t\t\t<\/dt><\/dl><br style=\"clear: both\" \/>\n\t\t<\/div>\n\n<p style=\"text-align: right;\"><span style=\"font-family: 'times new roman', times, serif; font-size: 14pt;\"><strong>Filial Baspas\u00f3z x\u0131zmeti. \u00a0<\/strong><\/span><\/p>\n<p><\/p>","protected":false},"excerpt":{"rendered":"<p>\u00d3zbekstan Respublikas\u0131 Prezidenti Sh.M.Mirziyoevt\u0131\u0144 2021-j\u0131l 2-noyabr k\u00fangi \u00f3tkerilgen videoselektor m\u00e1jilisinde belgilengen waz\u0131ypalard\u0131\u0144 or\u0131nlan\u0131w\u0131n t\u00e1miyinlew, sonday-aq, xal\u0131qt\u0131\u0144, \u00e1sirese, jaslard\u0131\u0144\u00a0 ekologiyal\u0131q m\u00e1deniyat\u0131n artt\u0131r\u0131w, qorsha\u01f5an ortal\u0131qqa bol\u01f5an d\u0131qqat-itibar\u0131n k\u00fasheytiw, ana t\u00e1biyatt\u0131 keleshek \u00e1wladlar ush\u0131n as\u0131rap-abaylaw, ekologiyal\u0131q ja\u01f5dayd\u0131 jaqs\u0131law h\u00e1m qorsha\u01f5an ortal\u0131qqa unams\u0131z t\u00e1sirlerdi\u0144 ald\u0131n al\u0131w maqsetinde \u00abJas\u0131l m\u00e1kan\u00bb ul\u0131wma milliy joybar\u0131 she\u0144berinde \u00abTaza qala\u00bb s\u00fareni ast\u0131nda \u01f5alabal\u0131q abadanlast\u0131r\u0131w [&hellip;]<\/p>\n","protected":false},"author":82,"featured_media":5470,"comment_status":"open","ping_status":"open","sticky":false,"template":"","format":"standard","meta":{"footnotes":""},"categories":[1,3],"tags":[],"class_list":["post-5465","post","type-post","status-publish","format-standard","has-post-thumbnail","hentry","category-ads","category-news"],"_links":{"self":[{"href":"https:\/\/uzdjtsunf.uz\/qq\/wp-json\/wp\/v2\/posts\/5465","targetHints":{"allow":["GET"]}}],"collection":[{"href":"https:\/\/uzdjtsunf.uz\/qq\/wp-json\/wp\/v2\/posts"}],"about":[{"href":"https:\/\/uzdjtsunf.uz\/qq\/wp-json\/wp\/v2\/types\/post"}],"author":[{"embeddable":true,"href":"https:\/\/uzdjtsunf.uz\/qq\/wp-json\/wp\/v2\/users\/82"}],"replies":[{"embeddable":true,"href":"https:\/\/uzdjtsunf.uz\/qq\/wp-json\/wp\/v2\/comments?post=5465"}],"version-history":[{"count":0,"href":"https:\/\/uzdjtsunf.uz\/qq\/wp-json\/wp\/v2\/posts\/5465\/revisions"}],"wp:featuredmedia":[{"embeddable":true,"href":"https:\/\/uzdjtsunf.uz\/qq\/wp-json\/wp\/v2\/media\/5470"}],"wp:attachment":[{"href":"https:\/\/uzdjtsunf.uz\/qq\/wp-json\/wp\/v2\/media?parent=5465"}],"wp:term":[{"taxonomy":"category","embeddable":true,"href":"https:\/\/uzdjtsunf.uz\/qq\/wp-json\/wp\/v2\/categories?post=5465"},{"taxonomy":"post_tag","embeddable":true,"href":"https:\/\/uzdjtsunf.uz\/qq\/wp-json\/wp\/v2\/tags?post=5465"}],"curies":[{"name":"wp","href":"https:\/\/api.w.org\/{rel}","templated":true}]}}