{"id":5480,"date":"2021-11-08T16:51:56","date_gmt":"2021-11-08T11:51:56","guid":{"rendered":"https:\/\/uzdjtsunf.uz\/?p=5480"},"modified":"2021-11-08T16:51:56","modified_gmt":"2021-11-08T11:51:56","slug":"qaraqalpaqsha-kubok-jenimpazlarin-qutliqlaymiz","status":"publish","type":"post","link":"https:\/\/uzdjtsunf.uz\/qq\/5480\/","title":{"rendered":"Kubok je\u0144impazlar\u0131n qutl\u0131qlaym\u0131z"},"content":{"rendered":"<p><\/p>\n\n\t\t<style type=\"text\/css\">\n\t\t\t#gallery-1 {\n\t\t\t\tmargin: auto;\n\t\t\t}\n\t\t\t#gallery-1 .gallery-item {\n\t\t\t\tfloat: left;\n\t\t\t\tmargin-top: 10px;\n\t\t\t\ttext-align: center;\n\t\t\t\twidth: 100%;\n\t\t\t}\n\t\t\t#gallery-1 img {\n\t\t\t\tborder: 2px solid #cfcfcf;\n\t\t\t}\n\t\t\t#gallery-1 .gallery-caption {\n\t\t\t\tmargin-left: 0;\n\t\t\t}\n\t\t\t\/* see gallery_shortcode() in wp-includes\/media.php *\/\n\t\t<\/style>\n\t\t<div id='gallery-1' class='gallery galleryid-5480 gallery-columns-1 gallery-size-full'><dl class='gallery-item'>\n\t\t\t<dt class='gallery-icon landscape'>\n\t\t\t\t<a href='https:\/\/uzdjtsunf.uz\/qq\/5480\/photo_2021-11-08_16-48-36\/'><img loading=\"lazy\" decoding=\"async\" width=\"1280\" height=\"960\" src=\"https:\/\/uzdjtsunf.uz\/wp-content\/uploads\/2021\/11\/photo_2021-11-08_16-48-36.jpg\" class=\"attachment-full size-full\" alt=\"\" srcset=\"https:\/\/uzdjtsunf.uz\/wp-content\/uploads\/2021\/11\/photo_2021-11-08_16-48-36.jpg 1280w, https:\/\/uzdjtsunf.uz\/wp-content\/uploads\/2021\/11\/photo_2021-11-08_16-48-36-300x225.jpg 300w, https:\/\/uzdjtsunf.uz\/wp-content\/uploads\/2021\/11\/photo_2021-11-08_16-48-36-768x576.jpg 768w, https:\/\/uzdjtsunf.uz\/wp-content\/uploads\/2021\/11\/photo_2021-11-08_16-48-36-1024x768.jpg 1024w\" sizes=\"auto, (max-width: 1280px) 100vw, 1280px\" \/><\/a>\n\t\t\t<\/dt><\/dl><br style=\"clear: both\" \/>\n\t\t<\/div>\n\n<p style=\"text-align: justify;\"><span style=\"font-family: 'times new roman', times, serif; font-size: 14pt;\">\u00d3zbekstan Respublikas\u0131 Prezidentini\u0144 2020-j\u0131l 4-noyabr k\u00fangi arnawl\u0131 \u00abKurash milliy sport t\u00farin rawajland\u0131r\u0131w h\u00e1m xal\u0131qaral\u0131q abroy\u0131n elede k\u00f3teriw haqq\u0131nda\u00bb\u01f5\u0131 n\u0131zam\u0131 h\u00e1m Turizm h\u00e1m sport haqq\u0131nda\u01f5\u0131 n\u0131zam talaplar\u0131n or\u0131nlaw, sonday-aq, 2021-j\u0131l \u2013 \u00abJaslard\u0131 qollap-quwatlaw h\u00e1m xal\u0131qt\u0131\u0144 salamatl\u0131\u01f5\u0131n bekkemlew j\u0131l\u0131\u00bbna ba\u01f5\u0131shlap Qaraqalpaqstan Respublikas\u0131 Turizm h\u00e1m sport bas basqarmas\u0131 baslamas\u0131 menen Qaraqalpaqstan Kurash federaciyas\u0131 h\u00e1m Respublikal\u0131q jeke g\u00fares t\u00farleri boy\u0131nsha q\u00e1nigelestirilgen balalar \u00f3spirimler sport mektebi menen birgelikte 2002-2003-j\u0131l\u0131 tuw\u0131l\u01f5an er balalar h\u00e1m q\u0131z balalar aras\u0131nda Qaraqalpaqstan Respublikas\u0131 kubogi bol\u0131p \u00f3tti.<\/span><\/p>\n<p style=\"text-align: justify;\"><span style=\"font-family: 'times new roman', times, serif; font-size: 14pt;\">Bol\u0131p \u00f3tken kubogke filial\u0131m\u0131zdan qatnasqan studentler Jolaman Moshanov, Nurbek Yuldashov, Xusniddin Mengaliev, Zuxra Isakova h\u00e1m Aynura Berdibekovalar 1-or\u0131n, Sangin Ataxanov, Qudayar Ametovlar 2-or\u0131n h\u00e1m Muxasan Tur\u01f5anbaev, Albina Ashikbaeva, D\u00fazelbay Urazgalievlar 3-or\u0131nlard\u0131 iyelep filial\u0131m\u0131z j\u00e1m\u00e1\u00e1tin quwan\u0131shqa b\u00f3ledi.<\/span><\/p>\n<p style=\"text-align: justify;\"><span style=\"font-family: 'times new roman', times, serif; font-size: 14pt;\">Filial\u0131m\u0131z professor-oq\u0131t\u0131wsh\u0131lar\u0131 at\u0131nan kubok je\u0144impazlar\u0131n qutl\u0131qlaym\u0131z.<\/span><\/p>\n<p style=\"text-align: right;\"><span style=\"font-size: 14pt;\"><strong><span style=\"font-family: 'times new roman', times, serif;\">Filial Baspas\u00f3z x\u0131zmeti.<\/span> <\/strong><\/span><\/p>\n<p><\/p>","protected":false},"excerpt":{"rendered":"<p>\u00d3zbekstan Respublikas\u0131 Prezidentini\u0144 2020-j\u0131l 4-noyabr k\u00fangi arnawl\u0131 \u00abKurash milliy sport t\u00farin rawajland\u0131r\u0131w h\u00e1m xal\u0131qaral\u0131q abroy\u0131n elede k\u00f3teriw haqq\u0131nda\u00bb\u01f5\u0131 n\u0131zam\u0131 h\u00e1m Turizm h\u00e1m sport haqq\u0131nda\u01f5\u0131 n\u0131zam talaplar\u0131n or\u0131nlaw, sonday-aq, 2021-j\u0131l \u2013 \u00abJaslard\u0131 qollap-quwatlaw h\u00e1m xal\u0131qt\u0131\u0144 salamatl\u0131\u01f5\u0131n bekkemlew j\u0131l\u0131\u00bbna ba\u01f5\u0131shlap Qaraqalpaqstan Respublikas\u0131 Turizm h\u00e1m sport bas basqarmas\u0131 baslamas\u0131 menen Qaraqalpaqstan Kurash federaciyas\u0131 h\u00e1m Respublikal\u0131q jeke g\u00fares t\u00farleri [&hellip;]<\/p>\n","protected":false},"author":82,"featured_media":5481,"comment_status":"open","ping_status":"open","sticky":false,"template":"","format":"standard","meta":{"footnotes":""},"categories":[1,3],"tags":[],"class_list":["post-5480","post","type-post","status-publish","format-standard","has-post-thumbnail","hentry","category-ads","category-news"],"_links":{"self":[{"href":"https:\/\/uzdjtsunf.uz\/qq\/wp-json\/wp\/v2\/posts\/5480","targetHints":{"allow":["GET"]}}],"collection":[{"href":"https:\/\/uzdjtsunf.uz\/qq\/wp-json\/wp\/v2\/posts"}],"about":[{"href":"https:\/\/uzdjtsunf.uz\/qq\/wp-json\/wp\/v2\/types\/post"}],"author":[{"embeddable":true,"href":"https:\/\/uzdjtsunf.uz\/qq\/wp-json\/wp\/v2\/users\/82"}],"replies":[{"embeddable":true,"href":"https:\/\/uzdjtsunf.uz\/qq\/wp-json\/wp\/v2\/comments?post=5480"}],"version-history":[{"count":0,"href":"https:\/\/uzdjtsunf.uz\/qq\/wp-json\/wp\/v2\/posts\/5480\/revisions"}],"wp:featuredmedia":[{"embeddable":true,"href":"https:\/\/uzdjtsunf.uz\/qq\/wp-json\/wp\/v2\/media\/5481"}],"wp:attachment":[{"href":"https:\/\/uzdjtsunf.uz\/qq\/wp-json\/wp\/v2\/media?parent=5480"}],"wp:term":[{"taxonomy":"category","embeddable":true,"href":"https:\/\/uzdjtsunf.uz\/qq\/wp-json\/wp\/v2\/categories?post=5480"},{"taxonomy":"post_tag","embeddable":true,"href":"https:\/\/uzdjtsunf.uz\/qq\/wp-json\/wp\/v2\/tags?post=5480"}],"curies":[{"name":"wp","href":"https:\/\/api.w.org\/{rel}","templated":true}]}}