{"id":5619,"date":"2021-11-25T17:31:32","date_gmt":"2021-11-25T12:31:32","guid":{"rendered":"https:\/\/uzdjtsunf.uz\/?p=5619"},"modified":"2021-11-25T17:31:32","modified_gmt":"2021-11-25T12:31:32","slug":"qaraqalpaqsha-student-jaslar-ozlerin-qiziqtir%c7%b5an-sorawlarina-juwaplar-aldi","status":"publish","type":"post","link":"https:\/\/uzdjtsunf.uz\/qq\/5619\/","title":{"rendered":"Student jaslar \u00f3zlerin q\u0131z\u0131qt\u0131r\u01f5an sorawlar\u0131na juwaplar ald\u0131"},"content":{"rendered":"<p><\/p>\n\n\t\t<style type=\"text\/css\">\n\t\t\t#gallery-1 {\n\t\t\t\tmargin: auto;\n\t\t\t}\n\t\t\t#gallery-1 .gallery-item {\n\t\t\t\tfloat: left;\n\t\t\t\tmargin-top: 10px;\n\t\t\t\ttext-align: center;\n\t\t\t\twidth: 100%;\n\t\t\t}\n\t\t\t#gallery-1 img {\n\t\t\t\tborder: 2px solid #cfcfcf;\n\t\t\t}\n\t\t\t#gallery-1 .gallery-caption {\n\t\t\t\tmargin-left: 0;\n\t\t\t}\n\t\t\t\/* see gallery_shortcode() in wp-includes\/media.php *\/\n\t\t<\/style>\n\t\t<div id='gallery-1' class='gallery galleryid-5619 gallery-columns-1 gallery-size-full'><dl class='gallery-item'>\n\t\t\t<dt class='gallery-icon landscape'>\n\t\t\t\t<a href='https:\/\/uzdjtsunf.uz\/qq\/5619\/photo_2021-11-25_11-58-41\/'><img loading=\"lazy\" decoding=\"async\" width=\"1280\" height=\"960\" src=\"https:\/\/uzdjtsunf.uz\/wp-content\/uploads\/2021\/11\/photo_2021-11-25_11-58-41.jpg\" class=\"attachment-full size-full\" alt=\"\" srcset=\"https:\/\/uzdjtsunf.uz\/wp-content\/uploads\/2021\/11\/photo_2021-11-25_11-58-41.jpg 1280w, https:\/\/uzdjtsunf.uz\/wp-content\/uploads\/2021\/11\/photo_2021-11-25_11-58-41-300x225.jpg 300w, https:\/\/uzdjtsunf.uz\/wp-content\/uploads\/2021\/11\/photo_2021-11-25_11-58-41-768x576.jpg 768w, https:\/\/uzdjtsunf.uz\/wp-content\/uploads\/2021\/11\/photo_2021-11-25_11-58-41-1024x768.jpg 1024w\" sizes=\"auto, (max-width: 1280px) 100vw, 1280px\" \/><\/a>\n\t\t\t<\/dt><\/dl><br style=\"clear: both\" \/>\n\t\t<\/div>\n\n<p style=\"text-align: justify;\"><span style=\"font-family: 'times new roman', times, serif; font-size: 14pt;\">Hayal-q\u0131zlar aras\u0131nda\u01f5\u0131 h\u00e1r q\u0131yl\u0131 kemsitiwlerge, j\u0131n\u0131s\u0131y qull\u0131q, basqada zorl\u0131q h\u00e1m zorlawlar\u01f5a shek qoy\u0131w ush\u0131n b\u00fagingi k\u00fande d\u00fanya j\u00fazi xal\u0131qlar\u0131 qars\u0131 g\u00farespekte. Ya\u01f5n\u0131y, Birlesken Milletler Sh\u00f3lkemini\u0144 Bas Assambleyas\u0131 t\u00e1repinen qab\u0131l etilgen rezolyuciyas\u0131 boy\u0131nsha p\u00fatkil d\u00fanya j\u00fazinde \u00ab25-noyabr \u2013 Hayal &#8211; q\u0131zlar\u01f5a qarata isletilgen zorl\u0131qqa shek qoy\u0131w xal\u0131qaral\u0131q k\u00fani\u00bb h\u00e1m \u00abZorl\u0131qs\u0131z 16 kun!\u00bb akciyas\u0131 she\u0144berinde \u00d3zbekstan m\u00e1mleketlik dene t\u00e1rbiyas\u0131 h\u00e1m sport universiteti N\u00f3kis filial\u0131 student jaslar\u0131 aras\u0131nda \u00abBiz zorl\u0131qqa qars\u0131m\u0131z!\u00bb, \u00abBiz zorl\u0131qt\u0131 birge je\u0144emiz!\u00bb s\u00fareni ast\u0131nda d\u00f3gerek s\u00e1wbeti bol\u0131p \u00f3tti.<\/span><\/p>\n\n\t\t<style type=\"text\/css\">\n\t\t\t#gallery-2 {\n\t\t\t\tmargin: auto;\n\t\t\t}\n\t\t\t#gallery-2 .gallery-item {\n\t\t\t\tfloat: left;\n\t\t\t\tmargin-top: 10px;\n\t\t\t\ttext-align: center;\n\t\t\t\twidth: 100%;\n\t\t\t}\n\t\t\t#gallery-2 img {\n\t\t\t\tborder: 2px solid #cfcfcf;\n\t\t\t}\n\t\t\t#gallery-2 .gallery-caption {\n\t\t\t\tmargin-left: 0;\n\t\t\t}\n\t\t\t\/* see gallery_shortcode() in wp-includes\/media.php *\/\n\t\t<\/style>\n\t\t<div id='gallery-2' class='gallery galleryid-5619 gallery-columns-1 gallery-size-full'><dl class='gallery-item'>\n\t\t\t<dt class='gallery-icon landscape'>\n\t\t\t\t<a href='https:\/\/uzdjtsunf.uz\/qq\/5619\/photo_2021-11-25_11-58-45-2\/'><img loading=\"lazy\" decoding=\"async\" width=\"1280\" height=\"960\" src=\"https:\/\/uzdjtsunf.uz\/wp-content\/uploads\/2021\/11\/photo_2021-11-25_11-58-45-2.jpg\" class=\"attachment-full size-full\" alt=\"\" srcset=\"https:\/\/uzdjtsunf.uz\/wp-content\/uploads\/2021\/11\/photo_2021-11-25_11-58-45-2.jpg 1280w, https:\/\/uzdjtsunf.uz\/wp-content\/uploads\/2021\/11\/photo_2021-11-25_11-58-45-2-300x225.jpg 300w, https:\/\/uzdjtsunf.uz\/wp-content\/uploads\/2021\/11\/photo_2021-11-25_11-58-45-2-768x576.jpg 768w, https:\/\/uzdjtsunf.uz\/wp-content\/uploads\/2021\/11\/photo_2021-11-25_11-58-45-2-1024x768.jpg 1024w\" sizes=\"auto, (max-width: 1280px) 100vw, 1280px\" \/><\/a>\n\t\t\t<\/dt><\/dl><br style=\"clear: both\" \/>\n\t\t<\/div>\n\n<p style=\"text-align: justify;\"><span style=\"font-family: 'times new roman', times, serif; font-size: 14pt;\">D\u00f3gerek s\u00e1wbetin filial direktor\u0131n\u0131\u0144 hayal-q\u0131zlar m\u00e1seleleri boy\u0131nsha m\u00e1sl\u00e1h\u00e1tshisi B.Allambergenova kiris s\u00f3z benen asht\u0131 h\u00e1m basqar\u0131p bard\u0131 h\u00e1m ol \u00f3z s\u00f3zinde zorl\u0131q h\u00e1m zorlawsh\u0131l\u0131q bul e\u0144 jaman illet ekenligine ayr\u0131qsha toqtap \u00f3tti. Bunnan so\u0144 Qaraqalpaqstan Respublikas\u0131 \u00c1dillik ministrligini\u0144 bas m\u00e1sl\u00e1h\u00e1tshisi N.Qutl\u0131muratova s\u00f3zge sh\u0131\u01f5\u0131p, ol \u00f3z s\u00f3zinde hayal-q\u0131zlar\u01f5a zorl\u0131q isletilgende n\u0131zaml\u0131 t\u00farde qanday sharalar k\u00f3riletu\u01f5\u0131nl\u0131\u01f5\u0131n h\u00e1m zorl\u0131qtan j\u00e1bir k\u00f3rgen hayal-q\u0131zlar\u01f5a m\u00e1mleketimiz t\u00e1repinen k\u00f3rsetiletu\u01f5\u0131n j\u00e1rdemler haqq\u0131nda h\u00e1m egerde, zorl\u0131qqa ush\u0131ra\u01f5an ja\u01f5dayda qanday t\u00e1rtipte qay jerlerge m\u00farajat etiw kerekligi h\u00e1m m\u00far\u00e1jatlar n\u0131zaml\u0131 t\u00farde neshe k\u00fande h\u00e1m qanday t\u00e1rtipte k\u00f3rip sh\u0131\u01f5\u0131latu\u01f5\u0131nl\u0131\u01f5\u0131 haqq\u0131nda student jaslar\u01f5a ke\u0144 t\u00farde ma\u01f5l\u0131wmatlar berip \u00f3tti.<\/span><\/p>\n\n\t\t<style type=\"text\/css\">\n\t\t\t#gallery-3 {\n\t\t\t\tmargin: auto;\n\t\t\t}\n\t\t\t#gallery-3 .gallery-item {\n\t\t\t\tfloat: left;\n\t\t\t\tmargin-top: 10px;\n\t\t\t\ttext-align: center;\n\t\t\t\twidth: 100%;\n\t\t\t}\n\t\t\t#gallery-3 img {\n\t\t\t\tborder: 2px solid #cfcfcf;\n\t\t\t}\n\t\t\t#gallery-3 .gallery-caption {\n\t\t\t\tmargin-left: 0;\n\t\t\t}\n\t\t\t\/* see gallery_shortcode() in wp-includes\/media.php *\/\n\t\t<\/style>\n\t\t<div id='gallery-3' class='gallery galleryid-5619 gallery-columns-1 gallery-size-full'><dl class='gallery-item'>\n\t\t\t<dt class='gallery-icon landscape'>\n\t\t\t\t<a href='https:\/\/uzdjtsunf.uz\/qq\/5619\/photo_2021-11-25_11-58-45-2\/'><img loading=\"lazy\" decoding=\"async\" width=\"1280\" height=\"960\" src=\"https:\/\/uzdjtsunf.uz\/wp-content\/uploads\/2021\/11\/photo_2021-11-25_11-58-45-2.jpg\" class=\"attachment-full size-full\" alt=\"\" srcset=\"https:\/\/uzdjtsunf.uz\/wp-content\/uploads\/2021\/11\/photo_2021-11-25_11-58-45-2.jpg 1280w, https:\/\/uzdjtsunf.uz\/wp-content\/uploads\/2021\/11\/photo_2021-11-25_11-58-45-2-300x225.jpg 300w, https:\/\/uzdjtsunf.uz\/wp-content\/uploads\/2021\/11\/photo_2021-11-25_11-58-45-2-768x576.jpg 768w, https:\/\/uzdjtsunf.uz\/wp-content\/uploads\/2021\/11\/photo_2021-11-25_11-58-45-2-1024x768.jpg 1024w\" sizes=\"auto, (max-width: 1280px) 100vw, 1280px\" \/><\/a>\n\t\t\t<\/dt><\/dl><br style=\"clear: both\" \/>\n\t\t<\/div>\n\n<p style=\"text-align: justify;\"><span style=\"font-family: 'times new roman', times, serif; font-size: 14pt;\">D\u00f3gerek s\u00e1wbeti bar\u0131s\u0131nda student jaslar \u00f3zlerin q\u0131z\u0131qt\u0131r\u01f5an sorawlar\u0131na tiyisli taraw q\u00e1nigesinen juwaplar ald\u0131.<\/span><\/p>\n<p style=\"text-align: right;\"><strong><span style=\"font-family: 'times new roman', times, serif; font-size: 14pt;\">Filial Baspas\u00f3z x\u0131zmeti.<\/span><\/strong><\/p>\n<p style=\"text-align: justify;\">\u00a0<\/p>\n<p><\/p>","protected":false},"excerpt":{"rendered":"<p>Hayal-q\u0131zlar aras\u0131nda\u01f5\u0131 h\u00e1r q\u0131yl\u0131 kemsitiwlerge, j\u0131n\u0131s\u0131y qull\u0131q, basqada zorl\u0131q h\u00e1m zorlawlar\u01f5a shek qoy\u0131w ush\u0131n b\u00fagingi k\u00fande d\u00fanya j\u00fazi xal\u0131qlar\u0131 qars\u0131 g\u00farespekte. Ya\u01f5n\u0131y, Birlesken Milletler Sh\u00f3lkemini\u0144 Bas Assambleyas\u0131 t\u00e1repinen qab\u0131l etilgen rezolyuciyas\u0131 boy\u0131nsha p\u00fatkil d\u00fanya j\u00fazinde \u00ab25-noyabr \u2013 Hayal &#8211; q\u0131zlar\u01f5a qarata isletilgen zorl\u0131qqa shek qoy\u0131w xal\u0131qaral\u0131q k\u00fani\u00bb h\u00e1m \u00abZorl\u0131qs\u0131z 16 kun!\u00bb akciyas\u0131 she\u0144berinde \u00d3zbekstan m\u00e1mleketlik [&hellip;]<\/p>\n","protected":false},"author":82,"featured_media":5621,"comment_status":"open","ping_status":"open","sticky":false,"template":"","format":"standard","meta":{"footnotes":""},"categories":[1,3],"tags":[],"class_list":["post-5619","post","type-post","status-publish","format-standard","has-post-thumbnail","hentry","category-ads","category-news"],"_links":{"self":[{"href":"https:\/\/uzdjtsunf.uz\/qq\/wp-json\/wp\/v2\/posts\/5619","targetHints":{"allow":["GET"]}}],"collection":[{"href":"https:\/\/uzdjtsunf.uz\/qq\/wp-json\/wp\/v2\/posts"}],"about":[{"href":"https:\/\/uzdjtsunf.uz\/qq\/wp-json\/wp\/v2\/types\/post"}],"author":[{"embeddable":true,"href":"https:\/\/uzdjtsunf.uz\/qq\/wp-json\/wp\/v2\/users\/82"}],"replies":[{"embeddable":true,"href":"https:\/\/uzdjtsunf.uz\/qq\/wp-json\/wp\/v2\/comments?post=5619"}],"version-history":[{"count":0,"href":"https:\/\/uzdjtsunf.uz\/qq\/wp-json\/wp\/v2\/posts\/5619\/revisions"}],"wp:featuredmedia":[{"embeddable":true,"href":"https:\/\/uzdjtsunf.uz\/qq\/wp-json\/wp\/v2\/media\/5621"}],"wp:attachment":[{"href":"https:\/\/uzdjtsunf.uz\/qq\/wp-json\/wp\/v2\/media?parent=5619"}],"wp:term":[{"taxonomy":"category","embeddable":true,"href":"https:\/\/uzdjtsunf.uz\/qq\/wp-json\/wp\/v2\/categories?post=5619"},{"taxonomy":"post_tag","embeddable":true,"href":"https:\/\/uzdjtsunf.uz\/qq\/wp-json\/wp\/v2\/tags?post=5619"}],"curies":[{"name":"wp","href":"https:\/\/api.w.org\/{rel}","templated":true}]}}