{"id":5637,"date":"2021-11-27T09:49:23","date_gmt":"2021-11-27T04:49:23","guid":{"rendered":"https:\/\/uzdjtsunf.uz\/?p=5637"},"modified":"2021-11-27T10:15:27","modified_gmt":"2021-11-27T05:15:27","slug":"qaraqalpaqsha-%d0%b1%d0%b5%d1%80%d0%b4%d0%b0%d2%9b-%d2%93%d0%b0%d1%80%d2%93%d0%b0%d0%b1%d0%b0%d0%b9-%d1%83%d0%bb%d1%8b-%d1%85%d0%b0%d0%bb%d1%8b%d2%9b%d0%b0%d1%80%d0%b0%d0%bb%d1%8b%d2%9b","status":"publish","type":"post","link":"https:\/\/uzdjtsunf.uz\/qq\/5637\/","title":{"rendered":"\u00abBerdaq \u01f4ar\u01f5abay ul\u0131\u00bb xal\u0131qaral\u0131q estelik belgisi sh\u00f3lkemlestirildi"},"content":{"rendered":"<p><\/p>\n<p style=\"text-align: justify;\"><span style=\"font-size: 14pt; font-family: 'times new roman', times, serif;\">\u00c1mir Temur xal\u0131qar\u0131l\u0131q fond\u0131 \u00d3zbekstanda h\u00e1m xal\u0131qaral\u0131q masshtabta ke\u0144 k\u00f3lemde belsendilik k\u00f3rsetip, iygilikli baslamalard\u0131 \u00e1melge as\u0131r\u0131p kelmekte. Us\u0131 iygilikli islerdi\u0144 biri s\u0131pat\u0131nda jaq\u0131nda \u00abXal\u0131qaral\u0131q \u00c1mir Temur qay\u0131rqoml\u0131q j\u00e1miyetlik fond\u0131\u00bbn\u0131\u0144 atqar\u0131wsh\u0131 direktor\u0131 Sohibaxon Azamovan\u0131\u0144 baslamas\u0131 menen \u00abBerdaq \u01f4ar\u01f5abay ul\u0131\u00bb at\u0131nda\u01f5\u0131 xal\u0131qaral\u0131q estelik belgisi sh\u00f3lkemlestirildi.<\/span><\/p>\n\n\t\t<style type=\"text\/css\">\n\t\t\t#gallery-1 {\n\t\t\t\tmargin: auto;\n\t\t\t}\n\t\t\t#gallery-1 .gallery-item {\n\t\t\t\tfloat: left;\n\t\t\t\tmargin-top: 10px;\n\t\t\t\ttext-align: center;\n\t\t\t\twidth: 100%;\n\t\t\t}\n\t\t\t#gallery-1 img {\n\t\t\t\tborder: 2px solid #cfcfcf;\n\t\t\t}\n\t\t\t#gallery-1 .gallery-caption {\n\t\t\t\tmargin-left: 0;\n\t\t\t}\n\t\t\t\/* see gallery_shortcode() in wp-includes\/media.php *\/\n\t\t<\/style>\n\t\t<div id='gallery-1' class='gallery galleryid-5637 gallery-columns-1 gallery-size-full'><dl class='gallery-item'>\n\t\t\t<dt class='gallery-icon landscape'>\n\t\t\t\t<a href='https:\/\/uzdjtsunf.uz\/qq\/5637\/photo_2021-11-24_16-35-06\/'><img loading=\"lazy\" decoding=\"async\" width=\"1024\" height=\"822\" src=\"https:\/\/uzdjtsunf.uz\/wp-content\/uploads\/2021\/11\/photo_2021-11-24_16-35-06.jpg\" class=\"attachment-full size-full\" alt=\"\" srcset=\"https:\/\/uzdjtsunf.uz\/wp-content\/uploads\/2021\/11\/photo_2021-11-24_16-35-06.jpg 1024w, https:\/\/uzdjtsunf.uz\/wp-content\/uploads\/2021\/11\/photo_2021-11-24_16-35-06-300x241.jpg 300w, https:\/\/uzdjtsunf.uz\/wp-content\/uploads\/2021\/11\/photo_2021-11-24_16-35-06-768x617.jpg 768w\" sizes=\"auto, (max-width: 1024px) 100vw, 1024px\" \/><\/a>\n\t\t\t<\/dt><\/dl><br style=\"clear: both\" \/>\n\t\t<\/div>\n\n<p style=\"text-align: justify;\"><span style=\"font-family: 'times new roman', times, serif; font-size: 14pt;\">\u2013 Bul xal\u0131qaral\u0131q estelik belgisin sh\u00f3lkemlestiriwden maqset \u2013 Prezidentimiz t\u00e1repinen baslama s\u0131pat\u0131nda k\u00f3rsetilgen \u00ab\u00dashinshi renessans\u00bb, \u00abBul diyar h\u00e1mmemizdiki!\u00bb ideyalar\u0131 tiykar\u0131nda qaraqalpaq xalq\u0131na degen \u00falken h\u00farmetti k\u00f3rsetiw, qaraqalpaq xalq\u0131n, m\u00e1deniyat\u0131n h\u00e1m \u00e1debiyat\u0131n \u00d3zbekstan h\u00e1m xal\u0131qaral\u0131q maydanda ele de tan\u0131t\u0131w h\u00e1m da\u0144q-ab\u0131ray\u0131n artt\u0131r\u0131w\u00a0bol\u0131p esaplanad\u0131,\u00a0\u2013 deydi fondt\u0131\u0144 atqar\u0131wsh\u0131 direktor\u0131 Sohibaxon Azamova.\u00a0\u2013 Son\u0131\u0144 menen birge, bizi\u0144 fond\u0131m\u0131z keleshekte m\u00e1deniyat, k\u00f3rkem \u00e1debiyat, \u00e1debiyattan\u0131w h\u00e1m basqa da j\u00f3nelisler boy\u0131nsha ta\u0144lawlar sh\u00f3lkemlestiriw niyetinde. Sonday-aq, qaraqalpaq xalq\u0131 tuwral\u0131, son\u0131\u0144 ishinde \u00farp-\u00e1det, salt-d\u00e1st\u00farleri, m\u00e1deniyat\u0131 h\u00e1m \u00e1debiyat\u0131, tariyx\u0131n \u00f3z ishine al\u01f5an k\u00f3p toml\u0131 kitaplard\u0131 baspadan sh\u0131\u01f5ar\u0131w islerin \u00e1melge as\u0131r\u0131wd\u0131 jobalast\u0131r\u01f5anb\u0131z.\u00abBerdaq \u01f4ar\u01f5abay ul\u0131\u00bb xal\u0131qaral\u0131q estelik belgisi menen \u00d3zbekstan h\u00e1m Qaraqalpaqstanda, sonday-aq, s\u0131rt ellerde Berdaqt\u0131\u0144 \u00f3miri h\u00e1m d\u00f3retiwshiligine ayr\u0131qsha itibar qarat\u0131w, elimizde turaql\u0131l\u0131qt\u0131 t\u00e1miyinlew, on\u0131\u0144 ekonomikal\u0131q, siyas\u0131y-j\u00e1miyetlik, ilimiy, ruwx\u0131y-a\u01f5art\u0131wsh\u0131l\u0131q, \u00e1debiyat, k\u00f3rkem \u00f3ner tarawlar\u0131n h\u00e1m qor\u01f5an\u0131w q\u00fadiretin k\u00fasheytiw, demokratiyal\u0131q reformalard\u0131 \u00e1melge as\u0131r\u0131w, milletleraral\u0131q tat\u0131wl\u0131q, salamat h\u00e1m nawq\u0131ran \u00e1wladt\u0131 t\u00e1rbiyalaw islerine m\u00fan\u00e1sip \u00fales qos\u0131p kiyat\u0131r\u01f5an barl\u0131q taraw w\u00e1killeri, \u00d3zbekstan h\u00e1m s\u0131rt el puqaralar\u0131 s\u0131yl\u0131qlanad\u0131.S\u0131yl\u0131qlan\u01f5anlar\u01f5a estelik belgisi menen qosa on\u0131\u0144 g\u00fawal\u0131\u01f5\u0131 beriledi. \u00abBerdaq \u01f4ar\u01f5abay ul\u0131\u00bb xal\u0131qaral\u0131q estelik belgisi k\u00f3kirekti\u0144 shep t\u00e1repine m\u00e1mleketlik s\u0131yl\u0131qlardan keyin ta\u01f5\u0131lad\u0131.\u00c1lbette, j\u00e1miyetimizdi\u0144 qays\u0131 taraw\u0131nda bolmas\u0131n m\u00fan\u00e1sip miynet etip kiyat\u0131r\u01f5an insanlard\u0131\u0144 miynetin q\u00e1dirlew \u2013 e\u0144 d\u00e1slep, olar\u01f5a qarat\u0131l\u01f5an az \u01f5ana bolsa da itibardan baslanad\u0131. Ja\u0144adan sh\u00f3lkemlestirilip at\u0131r\u01f5an \u00abBerdaq \u01f4ar\u01f5abay ul\u0131\u00bb at\u0131nda\u01f5\u0131 xal\u0131qaral\u0131q estelik belgisi bolsa miynette je\u0144 t\u00farinip, xal\u0131qqa ayanbay x\u0131zmet etip at\u0131r\u01f5an h\u00e1r bir qaraqalpaqstanl\u0131\u01f5a ayr\u0131qsha ruwx h\u00e1m k\u00fash-quwat ba\u01f5\u0131shlaw\u0131 s\u00f3zsiz.<\/span><\/p>\n<p style=\"text-align: right;\"><strong><span style=\"font-family: 'times new roman', times, serif; font-size: 14pt;\">Qaraqalpaqstan xabar agentligi.<\/span><\/strong><\/p>\n<p><\/p>","protected":false},"excerpt":{"rendered":"<p>\u00c1mir Temur xal\u0131qar\u0131l\u0131q fond\u0131 \u00d3zbekstanda h\u00e1m xal\u0131qaral\u0131q masshtabta ke\u0144 k\u00f3lemde belsendilik k\u00f3rsetip, iygilikli baslamalard\u0131 \u00e1melge as\u0131r\u0131p kelmekte. Us\u0131 iygilikli islerdi\u0144 biri s\u0131pat\u0131nda jaq\u0131nda \u00abXal\u0131qaral\u0131q \u00c1mir Temur qay\u0131rqoml\u0131q j\u00e1miyetlik fond\u0131\u00bbn\u0131\u0144 atqar\u0131wsh\u0131 direktor\u0131 Sohibaxon Azamovan\u0131\u0144 baslamas\u0131 menen \u00abBerdaq \u01f4ar\u01f5abay ul\u0131\u00bb at\u0131nda\u01f5\u0131 xal\u0131qaral\u0131q estelik belgisi sh\u00f3lkemlestirildi. \u2013 Bul xal\u0131qaral\u0131q estelik belgisin sh\u00f3lkemlestiriwden maqset \u2013 Prezidentimiz t\u00e1repinen baslama s\u0131pat\u0131nda [&hellip;]<\/p>\n","protected":false},"author":82,"featured_media":5638,"comment_status":"open","ping_status":"open","sticky":false,"template":"","format":"standard","meta":{"footnotes":""},"categories":[1,3],"tags":[],"class_list":["post-5637","post","type-post","status-publish","format-standard","has-post-thumbnail","hentry","category-ads","category-news"],"_links":{"self":[{"href":"https:\/\/uzdjtsunf.uz\/qq\/wp-json\/wp\/v2\/posts\/5637","targetHints":{"allow":["GET"]}}],"collection":[{"href":"https:\/\/uzdjtsunf.uz\/qq\/wp-json\/wp\/v2\/posts"}],"about":[{"href":"https:\/\/uzdjtsunf.uz\/qq\/wp-json\/wp\/v2\/types\/post"}],"author":[{"embeddable":true,"href":"https:\/\/uzdjtsunf.uz\/qq\/wp-json\/wp\/v2\/users\/82"}],"replies":[{"embeddable":true,"href":"https:\/\/uzdjtsunf.uz\/qq\/wp-json\/wp\/v2\/comments?post=5637"}],"version-history":[{"count":0,"href":"https:\/\/uzdjtsunf.uz\/qq\/wp-json\/wp\/v2\/posts\/5637\/revisions"}],"wp:featuredmedia":[{"embeddable":true,"href":"https:\/\/uzdjtsunf.uz\/qq\/wp-json\/wp\/v2\/media\/5638"}],"wp:attachment":[{"href":"https:\/\/uzdjtsunf.uz\/qq\/wp-json\/wp\/v2\/media?parent=5637"}],"wp:term":[{"taxonomy":"category","embeddable":true,"href":"https:\/\/uzdjtsunf.uz\/qq\/wp-json\/wp\/v2\/categories?post=5637"},{"taxonomy":"post_tag","embeddable":true,"href":"https:\/\/uzdjtsunf.uz\/qq\/wp-json\/wp\/v2\/tags?post=5637"}],"curies":[{"name":"wp","href":"https:\/\/api.w.org\/{rel}","templated":true}]}}