{"id":5647,"date":"2021-11-29T17:35:28","date_gmt":"2021-11-29T12:35:28","guid":{"rendered":"https:\/\/uzdjtsunf.uz\/?p=5647"},"modified":"2021-11-29T17:38:15","modified_gmt":"2021-11-29T12:38:15","slug":"qaraqalpaqsha-til-millettin-biybaha-%c7%b5aziynesi","status":"publish","type":"post","link":"https:\/\/uzdjtsunf.uz\/qq\/5647\/","title":{"rendered":"Til \u2013 milletti\u0144 biybaha \u01f5\u00e1ziynesi"},"content":{"rendered":"<p><\/p>\n<p style=\"text-align: justify;\"><em><span style=\"font-family: 'times new roman', times, serif; font-size: 14pt;\"><strong>1-dekabr \u2013 Qaraqalpaq tiline m\u00e1mleketlik til biyligi berilgenini\u0144 32 j\u0131ll\u0131\u01f5\u0131 m\u00fan\u00e1sibeti menen \u00d3zbekstan m\u00e1mleketlik dene t\u00e1rbiyas\u0131 h\u00e1m sport universiteti N\u00f3kis filial\u0131nda professor-oq\u0131t\u0131wsh\u0131lar h\u00e1m student-jaslard\u0131\u0144 qatnas\u0131nda ush\u0131ras\u0131w bol\u0131p \u00f3tti.<\/strong><\/span><\/em><\/p>\n\n\t\t<style type=\"text\/css\">\n\t\t\t#gallery-1 {\n\t\t\t\tmargin: auto;\n\t\t\t}\n\t\t\t#gallery-1 .gallery-item {\n\t\t\t\tfloat: left;\n\t\t\t\tmargin-top: 10px;\n\t\t\t\ttext-align: center;\n\t\t\t\twidth: 100%;\n\t\t\t}\n\t\t\t#gallery-1 img {\n\t\t\t\tborder: 2px solid #cfcfcf;\n\t\t\t}\n\t\t\t#gallery-1 .gallery-caption {\n\t\t\t\tmargin-left: 0;\n\t\t\t}\n\t\t\t\/* see gallery_shortcode() in wp-includes\/media.php *\/\n\t\t<\/style>\n\t\t<div id='gallery-1' class='gallery galleryid-5647 gallery-columns-1 gallery-size-full'><dl class='gallery-item'>\n\t\t\t<dt class='gallery-icon landscape'>\n\t\t\t\t<a href='https:\/\/uzdjtsunf.uz\/qq\/5647\/photo_2021-11-29_13-39-22\/'><img loading=\"lazy\" decoding=\"async\" width=\"1280\" height=\"960\" src=\"https:\/\/uzdjtsunf.uz\/wp-content\/uploads\/2021\/11\/photo_2021-11-29_13-39-22.jpg\" class=\"attachment-full size-full\" alt=\"\" srcset=\"https:\/\/uzdjtsunf.uz\/wp-content\/uploads\/2021\/11\/photo_2021-11-29_13-39-22.jpg 1280w, https:\/\/uzdjtsunf.uz\/wp-content\/uploads\/2021\/11\/photo_2021-11-29_13-39-22-300x225.jpg 300w, https:\/\/uzdjtsunf.uz\/wp-content\/uploads\/2021\/11\/photo_2021-11-29_13-39-22-768x576.jpg 768w, https:\/\/uzdjtsunf.uz\/wp-content\/uploads\/2021\/11\/photo_2021-11-29_13-39-22-1024x768.jpg 1024w\" sizes=\"auto, (max-width: 1280px) 100vw, 1280px\" \/><\/a>\n\t\t\t<\/dt><\/dl><br style=\"clear: both\" \/>\n\t\t<\/div>\n\n<p style=\"text-align: justify;\"><span style=\"font-family: 'times new roman', times, serif; font-size: 14pt;\">Ush\u0131ras\u0131wd\u0131 filiald\u0131\u0144 Jaslar awqam\u0131 baslan\u01f5\u0131sh sh\u00f3lkemi jetekshisi I.Djaqs\u0131muratov asht\u0131 h\u00e1m al\u0131p bard\u0131. Ol \u00f3z s\u00f3zinde d\u00e1slep j\u0131ynal\u01f5anlard\u0131 1-dekabr \u2013 Qaraqalpaq tiline m\u00e1mleketlik til biyligi berilgenini\u0144 32 j\u0131ll\u0131\u01f5\u0131 m\u00fan\u00e1sibeti menen q\u0131z\u01f5\u0131n qutl\u0131qlad\u0131 h\u00e1m so\u0144\u01f5\u0131 j\u0131llarda elimizde ana tilimizdi saqlaw\u01f5a, on\u0131 j\u00e1ne de bay\u0131t\u0131w\u01f5a m\u00e1mleketlik siyasat d\u00e1rejesinde itibar qarat\u0131l\u0131p, \u00e1meliy ilajlar \u00e1melge as\u0131r\u0131l\u0131p at\u0131r\u01f5anl\u0131\u01f5\u0131n ayr\u0131qsha atap \u00f3tti.<\/span><\/p>\n\n\t\t<style type=\"text\/css\">\n\t\t\t#gallery-2 {\n\t\t\t\tmargin: auto;\n\t\t\t}\n\t\t\t#gallery-2 .gallery-item {\n\t\t\t\tfloat: left;\n\t\t\t\tmargin-top: 10px;\n\t\t\t\ttext-align: center;\n\t\t\t\twidth: 100%;\n\t\t\t}\n\t\t\t#gallery-2 img {\n\t\t\t\tborder: 2px solid #cfcfcf;\n\t\t\t}\n\t\t\t#gallery-2 .gallery-caption {\n\t\t\t\tmargin-left: 0;\n\t\t\t}\n\t\t\t\/* see gallery_shortcode() in wp-includes\/media.php *\/\n\t\t<\/style>\n\t\t<div id='gallery-2' class='gallery galleryid-5647 gallery-columns-1 gallery-size-full'><dl class='gallery-item'>\n\t\t\t<dt class='gallery-icon landscape'>\n\t\t\t\t<a href='https:\/\/uzdjtsunf.uz\/qq\/5647\/photo_2021-11-29_13-39-21\/'><img loading=\"lazy\" decoding=\"async\" width=\"1280\" height=\"960\" src=\"https:\/\/uzdjtsunf.uz\/wp-content\/uploads\/2021\/11\/photo_2021-11-29_13-39-21.jpg\" class=\"attachment-full size-full\" alt=\"\" srcset=\"https:\/\/uzdjtsunf.uz\/wp-content\/uploads\/2021\/11\/photo_2021-11-29_13-39-21.jpg 1280w, https:\/\/uzdjtsunf.uz\/wp-content\/uploads\/2021\/11\/photo_2021-11-29_13-39-21-300x225.jpg 300w, https:\/\/uzdjtsunf.uz\/wp-content\/uploads\/2021\/11\/photo_2021-11-29_13-39-21-768x576.jpg 768w, https:\/\/uzdjtsunf.uz\/wp-content\/uploads\/2021\/11\/photo_2021-11-29_13-39-21-1024x768.jpg 1024w\" sizes=\"auto, (max-width: 1280px) 100vw, 1280px\" \/><\/a>\n\t\t\t<\/dt><\/dl><br style=\"clear: both\" \/>\n\t\t<\/div>\n\n<p style=\"text-align: justify;\"><span style=\"font-family: 'times new roman', times, serif; font-size: 14pt;\">Bunnan so\u0144 \u00d3zbekstan m\u00e1mleketlik Jurnalistler awqam\u0131n\u0131\u0144 a\u01f5zas\u0131, Qaraqalpaqstan Respublikas\u0131na x\u0131zmet k\u00f3rsetken jurnalist Sh\u00fakirbay Siypatdinov s\u00f3zge sh\u0131\u01f5\u0131p, ol \u00f3z s\u00f3zinde \u00abM\u00e1mleketlik til haqq\u0131nda\u00bb\u01f5\u0131 Qaraqalpaqstan Respublikas\u0131 N\u0131zam\u0131 qab\u0131l etiliwi menen \u00f3tken j\u0131llar dawam\u0131nda ana tilimiz bekkem huq\u0131q\u0131y tiykar\u01f5a h\u00e1m joqar\u0131 statusqa iye bol\u01f5anl\u0131\u01f5\u0131,\u00a0 til \u2013 bul xal\u0131qt\u0131\u0144 tariyx\u0131n, m\u00e1deniy miyraslar\u0131n, turm\u0131s t\u00e1rizin, \u00farp-\u00e1det h\u00e1m salt-d\u00e1st\u00farlerin \u00f3zinde j\u00e1mlestirgen biybaha \u01f5\u00e1ziyne ekenligin, qaraqalpaq tilini\u0144 xalq\u0131m\u0131zd\u0131\u0144 sociall\u0131q turm\u0131s\u0131nda\u01f5\u0131 ab\u0131roy\u0131, \u00e1sirese, jaslar ana tilimizdi as\u0131rap-abaylaw kerekligi, \u00f3z s\u00f3zligimizde bol\u01f5an s\u00f3zlerdi\u0144 orn\u0131na shet tillerden kirgen s\u00f3zlerdi\u0144 tilimizge aralas\u0131p ketiwini\u0144 ald\u0131n al\u0131w, ata-babalar\u0131m\u0131zdan miyras bol\u0131p kiyat\u0131r\u01f5an biybaha q\u00e1diriyatlar\u0131m\u0131zd\u0131 q\u00e1sterlep, saqlap keleshek \u00e1wladlar\u01f5a sap hal\u0131nda jetkeriw z\u00e1r\u00farligin ay\u0131r\u0131qsha atap \u00f3tti.<\/span><\/p>\n\n\t\t<style type=\"text\/css\">\n\t\t\t#gallery-3 {\n\t\t\t\tmargin: auto;\n\t\t\t}\n\t\t\t#gallery-3 .gallery-item {\n\t\t\t\tfloat: left;\n\t\t\t\tmargin-top: 10px;\n\t\t\t\ttext-align: center;\n\t\t\t\twidth: 100%;\n\t\t\t}\n\t\t\t#gallery-3 img {\n\t\t\t\tborder: 2px solid #cfcfcf;\n\t\t\t}\n\t\t\t#gallery-3 .gallery-caption {\n\t\t\t\tmargin-left: 0;\n\t\t\t}\n\t\t\t\/* see gallery_shortcode() in wp-includes\/media.php *\/\n\t\t<\/style>\n\t\t<div id='gallery-3' class='gallery galleryid-5647 gallery-columns-1 gallery-size-full'><dl class='gallery-item'>\n\t\t\t<dt class='gallery-icon landscape'>\n\t\t\t\t<a href='https:\/\/uzdjtsunf.uz\/qq\/5647\/photo_2021-11-29_13-39-23\/'><img loading=\"lazy\" decoding=\"async\" width=\"1280\" height=\"960\" src=\"https:\/\/uzdjtsunf.uz\/wp-content\/uploads\/2021\/11\/photo_2021-11-29_13-39-23.jpg\" class=\"attachment-full size-full\" alt=\"\" srcset=\"https:\/\/uzdjtsunf.uz\/wp-content\/uploads\/2021\/11\/photo_2021-11-29_13-39-23.jpg 1280w, https:\/\/uzdjtsunf.uz\/wp-content\/uploads\/2021\/11\/photo_2021-11-29_13-39-23-300x225.jpg 300w, https:\/\/uzdjtsunf.uz\/wp-content\/uploads\/2021\/11\/photo_2021-11-29_13-39-23-768x576.jpg 768w, https:\/\/uzdjtsunf.uz\/wp-content\/uploads\/2021\/11\/photo_2021-11-29_13-39-23-1024x768.jpg 1024w\" sizes=\"auto, (max-width: 1280px) 100vw, 1280px\" \/><\/a>\n\t\t\t<\/dt><\/dl><br style=\"clear: both\" \/>\n\t\t<\/div>\n\n<p style=\"text-align: justify;\"><span style=\"font-family: 'times new roman', times, serif; font-size: 14pt;\">Bunnan so\u0144 filiald\u0131\u0144 Sport t\u00farleri fakulteti Jaslar menen islesiw, ruwx\u0131yl\u0131q h\u00e1m a\u01f5art\u0131wsh\u0131l\u0131q isleri boy\u0131nsha dekan or\u0131nbasar\u0131 Q.Kenjebaev s\u00f3zge sh\u0131\u01f5\u0131p, b\u00fagingi rawajlan\u0131w\u0131m\u0131zd\u0131\u0144 ja\u0144a basq\u0131sh\u0131 \u2013 milliy rawajlan\u0131w d\u00e1wiri talaplar\u0131nan kelip sh\u0131\u01f5\u0131p, ana tilimizdi\u0144 j\u00e1miyettegi orn\u0131n h\u00e1m ab\u0131roy\u0131n artt\u0131r\u0131w, ana tilimizdi\u0144 tariyx\u0131y tam\u0131rlar\u0131n tere\u0144 \u00fayreniw, on\u0131 ilimiy tiykarda h\u00e1r t\u00e1repleme rawajland\u0131r\u0131w h\u00e1m qollan\u0131w \u00f3risin ke\u0144eytiw boy\u0131nsha al\u0131p bar\u0131l\u0131p at\u0131r\u01f5an ke\u0144 k\u00f3lemli jum\u0131slar haqq\u0131nda ke\u0144 t\u00farde ma\u01f5l\u0131wmatlar berip \u00f3tti.<\/span><\/p>\n\n\t\t<style type=\"text\/css\">\n\t\t\t#gallery-4 {\n\t\t\t\tmargin: auto;\n\t\t\t}\n\t\t\t#gallery-4 .gallery-item {\n\t\t\t\tfloat: left;\n\t\t\t\tmargin-top: 10px;\n\t\t\t\ttext-align: center;\n\t\t\t\twidth: 100%;\n\t\t\t}\n\t\t\t#gallery-4 img {\n\t\t\t\tborder: 2px solid #cfcfcf;\n\t\t\t}\n\t\t\t#gallery-4 .gallery-caption {\n\t\t\t\tmargin-left: 0;\n\t\t\t}\n\t\t\t\/* see gallery_shortcode() in wp-includes\/media.php *\/\n\t\t<\/style>\n\t\t<div id='gallery-4' class='gallery galleryid-5647 gallery-columns-1 gallery-size-full'><dl class='gallery-item'>\n\t\t\t<dt class='gallery-icon landscape'>\n\t\t\t\t<a href='https:\/\/uzdjtsunf.uz\/qq\/5647\/photo_2021-11-29_17-34-39\/'><img loading=\"lazy\" decoding=\"async\" width=\"1280\" height=\"960\" src=\"https:\/\/uzdjtsunf.uz\/wp-content\/uploads\/2021\/11\/photo_2021-11-29_17-34-39.jpg\" class=\"attachment-full size-full\" alt=\"\" srcset=\"https:\/\/uzdjtsunf.uz\/wp-content\/uploads\/2021\/11\/photo_2021-11-29_17-34-39.jpg 1280w, https:\/\/uzdjtsunf.uz\/wp-content\/uploads\/2021\/11\/photo_2021-11-29_17-34-39-300x225.jpg 300w, https:\/\/uzdjtsunf.uz\/wp-content\/uploads\/2021\/11\/photo_2021-11-29_17-34-39-768x576.jpg 768w, https:\/\/uzdjtsunf.uz\/wp-content\/uploads\/2021\/11\/photo_2021-11-29_17-34-39-1024x768.jpg 1024w\" sizes=\"auto, (max-width: 1280px) 100vw, 1280px\" \/><\/a>\n\t\t\t<\/dt><\/dl><br style=\"clear: both\" \/>\n\t\t<\/div>\n\n<p style=\"text-align: justify;\"><span style=\"font-family: 'times new roman', times, serif; font-size: 14pt;\">Ilaj dawam\u0131nda student-jaslar \u00f3zlerin q\u0131z\u0131qt\u0131r\u01f5an sorawlar\u0131na taraw q\u00e1nigelerinen juwaplar ald\u0131.<\/span><\/p>\n<p style=\"text-align: right;\"><strong><span style=\"font-family: 'times new roman', times, serif; font-size: 14pt;\">Filial Baspas\u00f3z x\u0131zmeti.<\/span><\/strong><\/p>\n<p style=\"text-align: justify;\">\u00a0<\/p>\n<p><\/p>","protected":false},"excerpt":{"rendered":"<p>1-dekabr \u2013 Qaraqalpaq tiline m\u00e1mleketlik til biyligi berilgenini\u0144 32 j\u0131ll\u0131\u01f5\u0131 m\u00fan\u00e1sibeti menen \u00d3zbekstan m\u00e1mleketlik dene t\u00e1rbiyas\u0131 h\u00e1m sport universiteti N\u00f3kis filial\u0131nda professor-oq\u0131t\u0131wsh\u0131lar h\u00e1m student-jaslard\u0131\u0144 qatnas\u0131nda ush\u0131ras\u0131w bol\u0131p \u00f3tti. Ush\u0131ras\u0131wd\u0131 filiald\u0131\u0144 Jaslar awqam\u0131 baslan\u01f5\u0131sh sh\u00f3lkemi jetekshisi I.Djaqs\u0131muratov asht\u0131 h\u00e1m al\u0131p bard\u0131. Ol \u00f3z s\u00f3zinde d\u00e1slep j\u0131ynal\u01f5anlard\u0131 1-dekabr \u2013 Qaraqalpaq tiline m\u00e1mleketlik til biyligi berilgenini\u0144 32 j\u0131ll\u0131\u01f5\u0131 [&hellip;]<\/p>\n","protected":false},"author":82,"featured_media":5649,"comment_status":"open","ping_status":"open","sticky":false,"template":"","format":"standard","meta":{"footnotes":""},"categories":[1,3],"tags":[],"class_list":["post-5647","post","type-post","status-publish","format-standard","has-post-thumbnail","hentry","category-ads","category-news"],"_links":{"self":[{"href":"https:\/\/uzdjtsunf.uz\/qq\/wp-json\/wp\/v2\/posts\/5647","targetHints":{"allow":["GET"]}}],"collection":[{"href":"https:\/\/uzdjtsunf.uz\/qq\/wp-json\/wp\/v2\/posts"}],"about":[{"href":"https:\/\/uzdjtsunf.uz\/qq\/wp-json\/wp\/v2\/types\/post"}],"author":[{"embeddable":true,"href":"https:\/\/uzdjtsunf.uz\/qq\/wp-json\/wp\/v2\/users\/82"}],"replies":[{"embeddable":true,"href":"https:\/\/uzdjtsunf.uz\/qq\/wp-json\/wp\/v2\/comments?post=5647"}],"version-history":[{"count":0,"href":"https:\/\/uzdjtsunf.uz\/qq\/wp-json\/wp\/v2\/posts\/5647\/revisions"}],"wp:featuredmedia":[{"embeddable":true,"href":"https:\/\/uzdjtsunf.uz\/qq\/wp-json\/wp\/v2\/media\/5649"}],"wp:attachment":[{"href":"https:\/\/uzdjtsunf.uz\/qq\/wp-json\/wp\/v2\/media?parent=5647"}],"wp:term":[{"taxonomy":"category","embeddable":true,"href":"https:\/\/uzdjtsunf.uz\/qq\/wp-json\/wp\/v2\/categories?post=5647"},{"taxonomy":"post_tag","embeddable":true,"href":"https:\/\/uzdjtsunf.uz\/qq\/wp-json\/wp\/v2\/tags?post=5647"}],"curies":[{"name":"wp","href":"https:\/\/api.w.org\/{rel}","templated":true}]}}