{"id":5773,"date":"2021-12-16T13:33:06","date_gmt":"2021-12-16T08:33:06","guid":{"rendered":"https:\/\/uzdjtsunf.uz\/?p=5773"},"modified":"2021-12-16T13:35:14","modified_gmt":"2021-12-16T08:35:14","slug":"qaraqalpaqsha-kontrakt-pullarin-tolew-muddeti-2021-jildin-31-dekabr-sanesine-shekem-uzaytiriladi","status":"publish","type":"post","link":"https:\/\/uzdjtsunf.uz\/qq\/5773\/","title":{"rendered":"Kontrakt pullar\u0131n t\u00f3lew m\u00faddeti 2021-j\u0131ld\u0131\u0144 31-dekabr s\u00e1nesine shekem uzayt\u0131r\u0131lad\u0131"},"content":{"rendered":"<p><\/p>\n\n\t\t<style type=\"text\/css\">\n\t\t\t#gallery-1 {\n\t\t\t\tmargin: auto;\n\t\t\t}\n\t\t\t#gallery-1 .gallery-item {\n\t\t\t\tfloat: left;\n\t\t\t\tmargin-top: 10px;\n\t\t\t\ttext-align: center;\n\t\t\t\twidth: 100%;\n\t\t\t}\n\t\t\t#gallery-1 img {\n\t\t\t\tborder: 2px solid #cfcfcf;\n\t\t\t}\n\t\t\t#gallery-1 .gallery-caption {\n\t\t\t\tmargin-left: 0;\n\t\t\t}\n\t\t\t\/* see gallery_shortcode() in wp-includes\/media.php *\/\n\t\t<\/style>\n\t\t<div id='gallery-1' class='gallery galleryid-5773 gallery-columns-1 gallery-size-full'><dl class='gallery-item'>\n\t\t\t<dt class='gallery-icon landscape'>\n\t\t\t\t<a href='https:\/\/uzdjtsunf.uz\/qq\/5220\/photo_2021-09-18_09-03-31\/'><img loading=\"lazy\" decoding=\"async\" width=\"800\" height=\"600\" src=\"https:\/\/uzdjtsunf.uz\/wp-content\/uploads\/2021\/09\/photo_2021-09-18_09-03-31.jpg\" class=\"attachment-full size-full\" alt=\"\" srcset=\"https:\/\/uzdjtsunf.uz\/wp-content\/uploads\/2021\/09\/photo_2021-09-18_09-03-31.jpg 800w, https:\/\/uzdjtsunf.uz\/wp-content\/uploads\/2021\/09\/photo_2021-09-18_09-03-31-300x225.jpg 300w, https:\/\/uzdjtsunf.uz\/wp-content\/uploads\/2021\/09\/photo_2021-09-18_09-03-31-768x576.jpg 768w\" sizes=\"auto, (max-width: 800px) 100vw, 800px\" \/><\/a>\n\t\t\t<\/dt><\/dl><br style=\"clear: both\" \/>\n\t\t<\/div>\n\n<p style=\"text-align: justify;\"><span style=\"font-family: 'times new roman', times, serif; font-size: 14pt;\">\u00d3zbekstan Respublikas\u0131 Ministrler Kabineti jan\u0131nda\u01f5\u0131 Bilimlendiriw m\u00e1kemelerine oq\u0131w\u01f5a qab\u0131l etiw boy\u0131nsha M\u00e1mleketlik komissiyan\u0131\u0144 2021-j\u0131l 15-dekabrdegi 10-sanl\u0131 qarar\u0131na muwap\u0131q 2021\/2022-oq\u0131w j\u0131l\u0131nda joqar\u0131 oq\u0131w or\u0131nlar\u0131n\u0131\u0144 bakalavriat h\u00e1m magistraturas\u0131na t\u00f3lemli-kontrakt, son\u0131\u0144 ishinde, kategoriyalast\u0131r\u0131l\u01f5an t\u00f3lemli-kontrakt tiykar\u0131nda oq\u0131w\u01f5a qab\u0131l etilgen studentler, oq\u0131w\u0131 k\u00f3shirilgen (k\u00f3shirip tiklengen) h\u00e1m qayta tiklengen studentler oq\u0131w\u0131 ush\u0131n kontrakt t\u00f3lemin t\u00f3lewi h\u00e1m studentler qatar\u0131na qab\u0131l etiwdi r\u00e1smiylestiriwdi\u0144 so\u0144\u01f5\u0131 m\u00faddeti\u00a0<a href=\"https:\/\/t.me\/eduuz\/7533\">2021-j\u0131ld\u0131\u0144 31-dekabr s\u00e1nesi etip belgilendi<\/a>.<\/span><\/p>\n<p style=\"text-align: justify;\"><span style=\"font-family: 'times new roman', times, serif; font-size: 14pt;\">Son\u0131\u0144 menen birge, Karonavirus infekciyas\u0131na qars\u0131 2021-j\u0131ld\u0131\u0144 15-noyabr s\u00e1nesine shekem tol\u0131q emlengen (vakcina al\u01f5an), b\u0131raq emlengenli haqq\u0131nda\u01f5\u0131 sertifikatt\u0131 belgilengen m\u00faddetten keshigip joqar\u0131 oq\u0131w orn\u0131na us\u0131n\u01f5an (us\u0131n\u0131p at\u0131r\u01f5an) abiturientler menen studentlerge t\u00f3lem-kontrakt summas\u0131n t\u00f3lewde bir m\u00e1rtelik 10 procent shegirmeni qollan\u0131w\u01f5a ruqsat etiledi.<\/span><\/p>\n<p style=\"text-align: right;\"><span style=\"font-family: 'times new roman', times, serif; font-size: 14pt;\">Filial Baspas\u00f3z x\u0131zmeti.<\/span><\/p>\n<p><\/p>","protected":false},"excerpt":{"rendered":"<p>\u00d3zbekstan Respublikas\u0131 Ministrler Kabineti jan\u0131nda\u01f5\u0131 Bilimlendiriw m\u00e1kemelerine oq\u0131w\u01f5a qab\u0131l etiw boy\u0131nsha M\u00e1mleketlik komissiyan\u0131\u0144 2021-j\u0131l 15-dekabrdegi 10-sanl\u0131 qarar\u0131na muwap\u0131q 2021\/2022-oq\u0131w j\u0131l\u0131nda joqar\u0131 oq\u0131w or\u0131nlar\u0131n\u0131\u0144 bakalavriat h\u00e1m magistraturas\u0131na t\u00f3lemli-kontrakt, son\u0131\u0144 ishinde, kategoriyalast\u0131r\u0131l\u01f5an t\u00f3lemli-kontrakt tiykar\u0131nda oq\u0131w\u01f5a qab\u0131l etilgen studentler, oq\u0131w\u0131 k\u00f3shirilgen (k\u00f3shirip tiklengen) h\u00e1m qayta tiklengen studentler oq\u0131w\u0131 ush\u0131n kontrakt t\u00f3lemin t\u00f3lewi h\u00e1m studentler qatar\u0131na qab\u0131l etiwdi r\u00e1smiylestiriwdi\u0144 [&hellip;]<\/p>\n","protected":false},"author":82,"featured_media":5221,"comment_status":"open","ping_status":"open","sticky":false,"template":"","format":"standard","meta":{"footnotes":""},"categories":[1,3],"tags":[],"class_list":["post-5773","post","type-post","status-publish","format-standard","has-post-thumbnail","hentry","category-ads","category-news"],"_links":{"self":[{"href":"https:\/\/uzdjtsunf.uz\/qq\/wp-json\/wp\/v2\/posts\/5773","targetHints":{"allow":["GET"]}}],"collection":[{"href":"https:\/\/uzdjtsunf.uz\/qq\/wp-json\/wp\/v2\/posts"}],"about":[{"href":"https:\/\/uzdjtsunf.uz\/qq\/wp-json\/wp\/v2\/types\/post"}],"author":[{"embeddable":true,"href":"https:\/\/uzdjtsunf.uz\/qq\/wp-json\/wp\/v2\/users\/82"}],"replies":[{"embeddable":true,"href":"https:\/\/uzdjtsunf.uz\/qq\/wp-json\/wp\/v2\/comments?post=5773"}],"version-history":[{"count":0,"href":"https:\/\/uzdjtsunf.uz\/qq\/wp-json\/wp\/v2\/posts\/5773\/revisions"}],"wp:featuredmedia":[{"embeddable":true,"href":"https:\/\/uzdjtsunf.uz\/qq\/wp-json\/wp\/v2\/media\/5221"}],"wp:attachment":[{"href":"https:\/\/uzdjtsunf.uz\/qq\/wp-json\/wp\/v2\/media?parent=5773"}],"wp:term":[{"taxonomy":"category","embeddable":true,"href":"https:\/\/uzdjtsunf.uz\/qq\/wp-json\/wp\/v2\/categories?post=5773"},{"taxonomy":"post_tag","embeddable":true,"href":"https:\/\/uzdjtsunf.uz\/qq\/wp-json\/wp\/v2\/tags?post=5773"}],"curies":[{"name":"wp","href":"https:\/\/api.w.org\/{rel}","templated":true}]}}