{"id":5992,"date":"2022-01-14T17:14:13","date_gmt":"2022-01-14T12:14:13","guid":{"rendered":"https:\/\/uzdjtsunf.uz\/?p=5992"},"modified":"2022-01-14T17:14:13","modified_gmt":"2022-01-14T12:14:13","slug":"qaraqalpaqsha-hasiretli-ana-esteligine-gul-shenberleri-qoyildi","status":"publish","type":"post","link":"https:\/\/uzdjtsunf.uz\/qq\/5992\/","title":{"rendered":"\u00abH\u00e1siretli ana\u00bb esteligine g\u00fal she\u0144berleri qoy\u0131ld\u0131"},"content":{"rendered":"<p><\/p>\n<p><span style=\"font-family: 'times new roman', times, serif; font-size: 14pt;\">\u00d3zbekstan Respublikas\u0131 Qurall\u0131 K\u00fashleri d\u00fazilgenine 30 j\u0131l told\u0131.<\/span><\/p>\n\n\t\t<style type=\"text\/css\">\n\t\t\t#gallery-1 {\n\t\t\t\tmargin: auto;\n\t\t\t}\n\t\t\t#gallery-1 .gallery-item {\n\t\t\t\tfloat: left;\n\t\t\t\tmargin-top: 10px;\n\t\t\t\ttext-align: center;\n\t\t\t\twidth: 100%;\n\t\t\t}\n\t\t\t#gallery-1 img {\n\t\t\t\tborder: 2px solid #cfcfcf;\n\t\t\t}\n\t\t\t#gallery-1 .gallery-caption {\n\t\t\t\tmargin-left: 0;\n\t\t\t}\n\t\t\t\/* see gallery_shortcode() in wp-includes\/media.php *\/\n\t\t<\/style>\n\t\t<div id='gallery-1' class='gallery galleryid-5992 gallery-columns-1 gallery-size-full'><dl class='gallery-item'>\n\t\t\t<dt class='gallery-icon landscape'>\n\t\t\t\t<a href='https:\/\/uzdjtsunf.uz\/qq\/5992\/photo_2022-01-14_12-26-53-2\/'><img loading=\"lazy\" decoding=\"async\" width=\"800\" height=\"533\" src=\"https:\/\/uzdjtsunf.uz\/wp-content\/uploads\/2022\/01\/photo_2022-01-14_12-26-53-1.jpg\" class=\"attachment-full size-full\" alt=\"\" srcset=\"https:\/\/uzdjtsunf.uz\/wp-content\/uploads\/2022\/01\/photo_2022-01-14_12-26-53-1.jpg 800w, https:\/\/uzdjtsunf.uz\/wp-content\/uploads\/2022\/01\/photo_2022-01-14_12-26-53-1-300x200.jpg 300w, https:\/\/uzdjtsunf.uz\/wp-content\/uploads\/2022\/01\/photo_2022-01-14_12-26-53-1-768x512.jpg 768w\" sizes=\"auto, (max-width: 800px) 100vw, 800px\" \/><\/a>\n\t\t\t<\/dt><\/dl><br style=\"clear: both\" \/>\n\t\t<\/div>\n\n<p><span style=\"font-family: 'times new roman', times, serif; font-size: 14pt;\">S\u00e1ne m\u00fan\u00e1sibeti menen 14-yanvar &#8211; Watan qor\u01f5awsh\u0131lar\u0131 k\u00fani paytaxt\u0131m\u0131z N\u00f3kis qalas\u0131nda jaylasqan \u00abH\u00e1siretli ana\u00bb esteligine\u00a0 Qaraqalpaqstan Respublikas\u0131 Joqar\u01f5\u0131 Ke\u0144esi menen Ministrler Ke\u0144esi, Arqa-Bat\u0131s \u00e1skeriy okrugi, huq\u0131q qor\u01f5aw uy\u0131mlar\u0131 h\u00e1m ke\u0144 j\u00e1miyetshilik w\u00e1killeri qatar\u0131nda \u00d3zbekstan m\u00e1mleketlik dene t\u00e1rbiyas\u0131 h\u00e1m sport universiteti N\u00f3kis filial\u0131 miynet j\u00e1m\u00e1\u00e1tide g\u00fal she\u0144berlerin qoyd\u0131.<\/span><\/p>\n\n\t\t<style type=\"text\/css\">\n\t\t\t#gallery-2 {\n\t\t\t\tmargin: auto;\n\t\t\t}\n\t\t\t#gallery-2 .gallery-item {\n\t\t\t\tfloat: left;\n\t\t\t\tmargin-top: 10px;\n\t\t\t\ttext-align: center;\n\t\t\t\twidth: 100%;\n\t\t\t}\n\t\t\t#gallery-2 img {\n\t\t\t\tborder: 2px solid #cfcfcf;\n\t\t\t}\n\t\t\t#gallery-2 .gallery-caption {\n\t\t\t\tmargin-left: 0;\n\t\t\t}\n\t\t\t\/* see gallery_shortcode() in wp-includes\/media.php *\/\n\t\t<\/style>\n\t\t<div id='gallery-2' class='gallery galleryid-5992 gallery-columns-1 gallery-size-full'><dl class='gallery-item'>\n\t\t\t<dt class='gallery-icon landscape'>\n\t\t\t\t<a href='https:\/\/uzdjtsunf.uz\/qq\/5992\/photo_2022-01-14_16-29-59\/'><img loading=\"lazy\" decoding=\"async\" width=\"1280\" height=\"853\" src=\"https:\/\/uzdjtsunf.uz\/wp-content\/uploads\/2022\/01\/photo_2022-01-14_16-29-59.jpg\" class=\"attachment-full size-full\" alt=\"\" srcset=\"https:\/\/uzdjtsunf.uz\/wp-content\/uploads\/2022\/01\/photo_2022-01-14_16-29-59.jpg 1280w, https:\/\/uzdjtsunf.uz\/wp-content\/uploads\/2022\/01\/photo_2022-01-14_16-29-59-300x200.jpg 300w, https:\/\/uzdjtsunf.uz\/wp-content\/uploads\/2022\/01\/photo_2022-01-14_16-29-59-768x512.jpg 768w, https:\/\/uzdjtsunf.uz\/wp-content\/uploads\/2022\/01\/photo_2022-01-14_16-29-59-1024x682.jpg 1024w\" sizes=\"auto, (max-width: 1280px) 100vw, 1280px\" \/><\/a>\n\t\t\t<\/dt><\/dl><br style=\"clear: both\" \/>\n\t\t<\/div>\n\n<p style=\"text-align: right;\"><strong><span style=\"font-family: 'times new roman', times, serif; font-size: 14pt;\">Filial Baspas\u00f3z x\u0131zmeti.<\/span><\/strong><\/p>\n<p><\/p>","protected":false},"excerpt":{"rendered":"<p>\u00d3zbekstan Respublikas\u0131 Qurall\u0131 K\u00fashleri d\u00fazilgenine 30 j\u0131l told\u0131. S\u00e1ne m\u00fan\u00e1sibeti menen 14-yanvar &#8211; Watan qor\u01f5awsh\u0131lar\u0131 k\u00fani paytaxt\u0131m\u0131z N\u00f3kis qalas\u0131nda jaylasqan \u00abH\u00e1siretli ana\u00bb esteligine\u00a0 Qaraqalpaqstan Respublikas\u0131 Joqar\u01f5\u0131 Ke\u0144esi menen Ministrler Ke\u0144esi, Arqa-Bat\u0131s \u00e1skeriy okrugi, huq\u0131q qor\u01f5aw uy\u0131mlar\u0131 h\u00e1m ke\u0144 j\u00e1miyetshilik w\u00e1killeri qatar\u0131nda \u00d3zbekstan m\u00e1mleketlik dene t\u00e1rbiyas\u0131 h\u00e1m sport universiteti N\u00f3kis filial\u0131 miynet j\u00e1m\u00e1\u00e1tide g\u00fal she\u0144berlerin qoyd\u0131. [&hellip;]<\/p>\n","protected":false},"author":82,"featured_media":5997,"comment_status":"open","ping_status":"open","sticky":false,"template":"","format":"standard","meta":{"footnotes":""},"categories":[1,3],"tags":[],"class_list":["post-5992","post","type-post","status-publish","format-standard","has-post-thumbnail","hentry","category-ads","category-news"],"_links":{"self":[{"href":"https:\/\/uzdjtsunf.uz\/qq\/wp-json\/wp\/v2\/posts\/5992","targetHints":{"allow":["GET"]}}],"collection":[{"href":"https:\/\/uzdjtsunf.uz\/qq\/wp-json\/wp\/v2\/posts"}],"about":[{"href":"https:\/\/uzdjtsunf.uz\/qq\/wp-json\/wp\/v2\/types\/post"}],"author":[{"embeddable":true,"href":"https:\/\/uzdjtsunf.uz\/qq\/wp-json\/wp\/v2\/users\/82"}],"replies":[{"embeddable":true,"href":"https:\/\/uzdjtsunf.uz\/qq\/wp-json\/wp\/v2\/comments?post=5992"}],"version-history":[{"count":0,"href":"https:\/\/uzdjtsunf.uz\/qq\/wp-json\/wp\/v2\/posts\/5992\/revisions"}],"wp:featuredmedia":[{"embeddable":true,"href":"https:\/\/uzdjtsunf.uz\/qq\/wp-json\/wp\/v2\/media\/5997"}],"wp:attachment":[{"href":"https:\/\/uzdjtsunf.uz\/qq\/wp-json\/wp\/v2\/media?parent=5992"}],"wp:term":[{"taxonomy":"category","embeddable":true,"href":"https:\/\/uzdjtsunf.uz\/qq\/wp-json\/wp\/v2\/categories?post=5992"},{"taxonomy":"post_tag","embeddable":true,"href":"https:\/\/uzdjtsunf.uz\/qq\/wp-json\/wp\/v2\/tags?post=5992"}],"curies":[{"name":"wp","href":"https:\/\/api.w.org\/{rel}","templated":true}]}}