{"id":6062,"date":"2022-01-21T16:11:30","date_gmt":"2022-01-21T11:11:30","guid":{"rendered":"https:\/\/uzdjtsunf.uz\/?p=6062"},"modified":"2022-01-21T16:46:43","modified_gmt":"2022-01-21T11:46:43","slug":"qaraqalpaqsha-ilimiy-izertlew-ba%c7%b5darinda-seminar-otkerildi","status":"publish","type":"post","link":"https:\/\/uzdjtsunf.uz\/qq\/6062\/","title":{"rendered":"ILIMIY-IZERTLEW BA\u01f4DAR\u00cdNDA SEMINAR \u00d3TKERILDI"},"content":{"rendered":"<p><\/p>\n<p>Us\u0131 j\u0131ld\u0131\u0144 21-yanvar k\u00fani filialda ilimiy iskerlikti ele de rawajland\u0131r\u0131w, professor-oq\u0131t\u0131wsh\u0131lard\u0131\u0144 ilimiy-izertlew jum\u0131slar\u0131n jetilistiriw maqsetinde Ilimiy-izertlewler, innovaciyalar h\u00e1m ilimiy pedagog kadrlar tayarlaw b\u00f3limi t\u00e1repinen seminar sh\u00f3lkemlestirildi. Bul seminar\u01f5a \u00abDene t\u00e1rbiyas\u0131 teoriyas\u0131 h\u00e1m gumanitar p\u00e1nler\u00bb, \u00abSport oy\u0131nlar\u0131\u00bb, \u00abJeke g\u00fares h\u00e1m t\u00e1biyiy p\u00e1nler\u00bb kafedralar\u0131n\u0131\u0144 professor-oq\u0131t\u0131wsh\u0131lar\u0131 qatnast\u0131.<\/p>\n\n\t\t<style type=\"text\/css\">\n\t\t\t#gallery-1 {\n\t\t\t\tmargin: auto;\n\t\t\t}\n\t\t\t#gallery-1 .gallery-item {\n\t\t\t\tfloat: left;\n\t\t\t\tmargin-top: 10px;\n\t\t\t\ttext-align: center;\n\t\t\t\twidth: 100%;\n\t\t\t}\n\t\t\t#gallery-1 img {\n\t\t\t\tborder: 2px solid #cfcfcf;\n\t\t\t}\n\t\t\t#gallery-1 .gallery-caption {\n\t\t\t\tmargin-left: 0;\n\t\t\t}\n\t\t\t\/* see gallery_shortcode() in wp-includes\/media.php *\/\n\t\t<\/style>\n\t\t<div id='gallery-1' class='gallery galleryid-6062 gallery-columns-1 gallery-size-full'><dl class='gallery-item'>\n\t\t\t<dt class='gallery-icon landscape'>\n\t\t\t\t<a href='https:\/\/uzdjtsunf.uz\/qq\/6062\/photo_2022-01-21_16-09-17\/'><img loading=\"lazy\" decoding=\"async\" width=\"1280\" height=\"960\" src=\"https:\/\/uzdjtsunf.uz\/wp-content\/uploads\/2022\/01\/photo_2022-01-21_16-09-17.jpg\" class=\"attachment-full size-full\" alt=\"\" srcset=\"https:\/\/uzdjtsunf.uz\/wp-content\/uploads\/2022\/01\/photo_2022-01-21_16-09-17.jpg 1280w, https:\/\/uzdjtsunf.uz\/wp-content\/uploads\/2022\/01\/photo_2022-01-21_16-09-17-300x225.jpg 300w, https:\/\/uzdjtsunf.uz\/wp-content\/uploads\/2022\/01\/photo_2022-01-21_16-09-17-768x576.jpg 768w, https:\/\/uzdjtsunf.uz\/wp-content\/uploads\/2022\/01\/photo_2022-01-21_16-09-17-1024x768.jpg 1024w\" sizes=\"auto, (max-width: 1280px) 100vw, 1280px\" \/><\/a>\n\t\t\t<\/dt><\/dl><br style=\"clear: both\" \/>\n\t\t<\/div>\n\n<p>Seminard\u0131 Ilimiy isler h\u00e1m innovaciyalar boy\u0131nsha direktor or\u0131nbasar\u0131, docent M.Ayt\u0131mbetov asht\u0131 h\u00e1m al\u0131p bard\u0131. Ol seminar qatnas\u0131wsh\u0131lar\u0131na ilimiy-izertlew jum\u0131slar\u0131n al\u0131p bar\u0131w t\u00e1rtibi h\u00e1m basq\u0131shlar\u0131 haqq\u0131nda ke\u0144nen tan\u0131st\u0131r\u0131p \u00f3tti. Sonday-aq, ul\u0131wma t\u00e1n al\u0131n\u01f5an indeksaciyalan\u01f5an ma\u01f5l\u0131wmatlar bazalar\u0131nda\u01f5\u0131\u00a0 ilimiy jurnallar\u01f5a maqalalar tayarlaw h\u00e1m j\u00e1riyalaw t\u00e1rtibi haqq\u0131nda t\u00fasinik berdi.<\/p>\n\n\t\t<style type=\"text\/css\">\n\t\t\t#gallery-2 {\n\t\t\t\tmargin: auto;\n\t\t\t}\n\t\t\t#gallery-2 .gallery-item {\n\t\t\t\tfloat: left;\n\t\t\t\tmargin-top: 10px;\n\t\t\t\ttext-align: center;\n\t\t\t\twidth: 100%;\n\t\t\t}\n\t\t\t#gallery-2 img {\n\t\t\t\tborder: 2px solid #cfcfcf;\n\t\t\t}\n\t\t\t#gallery-2 .gallery-caption {\n\t\t\t\tmargin-left: 0;\n\t\t\t}\n\t\t\t\/* see gallery_shortcode() in wp-includes\/media.php *\/\n\t\t<\/style>\n\t\t<div id='gallery-2' class='gallery galleryid-6062 gallery-columns-1 gallery-size-full'><dl class='gallery-item'>\n\t\t\t<dt class='gallery-icon landscape'>\n\t\t\t\t<a href='https:\/\/uzdjtsunf.uz\/qq\/6062\/photo_2022-01-21_16-09-23\/'><img loading=\"lazy\" decoding=\"async\" width=\"1280\" height=\"960\" src=\"https:\/\/uzdjtsunf.uz\/wp-content\/uploads\/2022\/01\/photo_2022-01-21_16-09-23.jpg\" class=\"attachment-full size-full\" alt=\"\" srcset=\"https:\/\/uzdjtsunf.uz\/wp-content\/uploads\/2022\/01\/photo_2022-01-21_16-09-23.jpg 1280w, https:\/\/uzdjtsunf.uz\/wp-content\/uploads\/2022\/01\/photo_2022-01-21_16-09-23-300x225.jpg 300w, https:\/\/uzdjtsunf.uz\/wp-content\/uploads\/2022\/01\/photo_2022-01-21_16-09-23-768x576.jpg 768w, https:\/\/uzdjtsunf.uz\/wp-content\/uploads\/2022\/01\/photo_2022-01-21_16-09-23-1024x768.jpg 1024w\" sizes=\"auto, (max-width: 1280px) 100vw, 1280px\" \/><\/a>\n\t\t\t<\/dt><\/dl><br style=\"clear: both\" \/>\n\t\t<\/div>\n\n<p>Seminar dawam\u0131nda professor-oq\u0131t\u0131wsh\u0131lar \u00f3zlerin q\u0131z\u0131qt\u0131r\u01f5an sorawlar\u0131na juwaplar ald\u0131 h\u00e1m filiald\u0131\u0144 ilimiy-izertlew n\u00e1tiyjeliligin artt\u0131r\u0131w h\u00e1m ilimiy iskerlikti rawajland\u0131r\u0131w boy\u0131nsha pikir-us\u0131n\u0131slar\u0131n bildirdi.<\/p>\n<p style=\"text-align: right;\"><span style=\"font-family: 'times new roman', times, serif; font-size: 14pt;\"><strong>Filial<\/strong> <strong>Baspas\u00f3z x\u0131zmeti<\/strong><strong>.<\/strong><\/span><\/p>\n<p>&nbsp;<\/p>\n<p><\/p>","protected":false},"excerpt":{"rendered":"<p>Us\u0131 j\u0131ld\u0131\u0144 21-yanvar k\u00fani filialda ilimiy iskerlikti ele de rawajland\u0131r\u0131w, professor-oq\u0131t\u0131wsh\u0131lard\u0131\u0144 ilimiy-izertlew jum\u0131slar\u0131n jetilistiriw maqsetinde Ilimiy-izertlewler, innovaciyalar h\u00e1m ilimiy pedagog kadrlar tayarlaw b\u00f3limi t\u00e1repinen seminar sh\u00f3lkemlestirildi. Bul seminar\u01f5a \u00abDene t\u00e1rbiyas\u0131 teoriyas\u0131 h\u00e1m gumanitar p\u00e1nler\u00bb, \u00abSport oy\u0131nlar\u0131\u00bb, \u00abJeke g\u00fares h\u00e1m t\u00e1biyiy p\u00e1nler\u00bb kafedralar\u0131n\u0131\u0144 professor-oq\u0131t\u0131wsh\u0131lar\u0131 qatnast\u0131. Seminard\u0131 Ilimiy isler h\u00e1m innovaciyalar boy\u0131nsha direktor or\u0131nbasar\u0131, docent M.Ayt\u0131mbetov asht\u0131 [&hellip;]<\/p>\n","protected":false},"author":82,"featured_media":6064,"comment_status":"open","ping_status":"open","sticky":false,"template":"","format":"standard","meta":{"footnotes":""},"categories":[1,3],"tags":[],"class_list":["post-6062","post","type-post","status-publish","format-standard","has-post-thumbnail","hentry","category-ads","category-news"],"_links":{"self":[{"href":"https:\/\/uzdjtsunf.uz\/qq\/wp-json\/wp\/v2\/posts\/6062","targetHints":{"allow":["GET"]}}],"collection":[{"href":"https:\/\/uzdjtsunf.uz\/qq\/wp-json\/wp\/v2\/posts"}],"about":[{"href":"https:\/\/uzdjtsunf.uz\/qq\/wp-json\/wp\/v2\/types\/post"}],"author":[{"embeddable":true,"href":"https:\/\/uzdjtsunf.uz\/qq\/wp-json\/wp\/v2\/users\/82"}],"replies":[{"embeddable":true,"href":"https:\/\/uzdjtsunf.uz\/qq\/wp-json\/wp\/v2\/comments?post=6062"}],"version-history":[{"count":0,"href":"https:\/\/uzdjtsunf.uz\/qq\/wp-json\/wp\/v2\/posts\/6062\/revisions"}],"wp:featuredmedia":[{"embeddable":true,"href":"https:\/\/uzdjtsunf.uz\/qq\/wp-json\/wp\/v2\/media\/6064"}],"wp:attachment":[{"href":"https:\/\/uzdjtsunf.uz\/qq\/wp-json\/wp\/v2\/media?parent=6062"}],"wp:term":[{"taxonomy":"category","embeddable":true,"href":"https:\/\/uzdjtsunf.uz\/qq\/wp-json\/wp\/v2\/categories?post=6062"},{"taxonomy":"post_tag","embeddable":true,"href":"https:\/\/uzdjtsunf.uz\/qq\/wp-json\/wp\/v2\/tags?post=6062"}],"curies":[{"name":"wp","href":"https:\/\/api.w.org\/{rel}","templated":true}]}}