{"id":6175,"date":"2022-02-04T16:43:34","date_gmt":"2022-02-04T11:43:34","guid":{"rendered":"https:\/\/uzdjtsunf.uz\/?p=6175"},"modified":"2022-02-04T16:43:34","modified_gmt":"2022-02-04T11:43:34","slug":"qaraqalpaqsha-jawizliqqa-qarsi-a%c7%b5artiwshiliq","status":"publish","type":"post","link":"https:\/\/uzdjtsunf.uz\/qq\/6175\/","title":{"rendered":"\u00abJAWIZLIQQA QARSI A\u01f4ARTIWSHILIQ\u00bb"},"content":{"rendered":"<p><\/p>\n<p style=\"text-align: justify;\"><span style=\"font-family: 'times new roman', times, serif; font-size: 14pt;\">J\u00e1miyetimizde social-m\u00e1deniy ortal\u0131qt\u0131 salamatlast\u0131r\u0131w, diniy ke\u0144peyillikti h\u00e1m milletlerara tat\u0131wl\u0131qt\u0131 bekkemlew. Jaslar\u0131m\u0131zd\u0131 \u00f3zlerine islam dinin n\u0131qap etip al\u01f5an h\u00e1r q\u0131yl\u0131 diniy a\u01f5\u0131mlar\u01f5a qos\u0131l\u0131p ketiwlerini\u0144 ald\u0131n al\u0131w. Student-jaslar aras\u0131nda jat illetlerge qars\u0131 immunitetti q\u00e1liplestiriw. Sonday-aq, adam sawdas\u0131, n\u00e1shebentlikke qars\u0131 g\u00faresiw, \u00f3z jan\u0131na qast etiw, j\u0131nayatsh\u0131l\u0131q h\u00e1m huq\u0131qbuzarl\u0131qlard\u0131\u0144 ald\u0131n al\u0131w maqsetinde Qaraqalpaqstan Respublikas\u0131 Ministrler Ke\u0144esi Basl\u0131\u01f5\u0131n\u0131\u0144 or\u0131nbasar\u0131 R.Saparbaev h\u00e1m \u00d3zbekstan Respublikas\u0131 Minstrler Kabineti jan\u0131nda\u01f5\u0131 Din isleri boy\u0131nsha komitetitini\u0144 Qaraqalpaqstan Respublikas\u0131 aymakl\u0131q basqarmas\u0131 q\u00e1nigeleri B.Ay\u0131mbetova h\u00e1m X.Nezamatovlard\u0131\u0144 qatnas\u0131nda us\u0131 j\u0131ld\u0131\u0144 4-fevral k\u00fani \u00d3zbekstan m\u00e1mleketlik dene t\u00e1rbiyas\u0131 h\u00e1m sport universiteti N\u00f3kis filial\u0131 h\u00e1m Naway\u0131 k\u00e1nshilik institut\u0131 N\u00f3kis filial\u0131 b\u00f3lim basl\u0131qlar\u0131, professor-oq\u0131t\u0131wsh\u0131lar\u0131 h\u00e1m tyutorlar ush\u0131n \u00abJaw\u0131zl\u0131qqa qars\u0131 a\u01f5art\u0131wsh\u0131l\u0131q\u00bb h\u00e1m \u00abKiyiniw m\u00e1deniyat\u0131\u00bb atamas\u0131nda ush\u0131ras\u0131w bol\u0131p \u00f3tti.<\/span><\/p>\n\n\t\t<style type=\"text\/css\">\n\t\t\t#gallery-1 {\n\t\t\t\tmargin: auto;\n\t\t\t}\n\t\t\t#gallery-1 .gallery-item {\n\t\t\t\tfloat: left;\n\t\t\t\tmargin-top: 10px;\n\t\t\t\ttext-align: center;\n\t\t\t\twidth: 100%;\n\t\t\t}\n\t\t\t#gallery-1 img {\n\t\t\t\tborder: 2px solid #cfcfcf;\n\t\t\t}\n\t\t\t#gallery-1 .gallery-caption {\n\t\t\t\tmargin-left: 0;\n\t\t\t}\n\t\t\t\/* see gallery_shortcode() in wp-includes\/media.php *\/\n\t\t<\/style>\n\t\t<div id='gallery-1' class='gallery galleryid-6175 gallery-columns-1 gallery-size-full'><dl class='gallery-item'>\n\t\t\t<dt class='gallery-icon landscape'>\n\t\t\t\t<a href='https:\/\/uzdjtsunf.uz\/qq\/6175\/photo_2022-02-04_16-38-45\/'><img loading=\"lazy\" decoding=\"async\" width=\"1280\" height=\"961\" src=\"https:\/\/uzdjtsunf.uz\/wp-content\/uploads\/2022\/02\/photo_2022-02-04_16-38-45.jpg\" class=\"attachment-full size-full\" alt=\"\" srcset=\"https:\/\/uzdjtsunf.uz\/wp-content\/uploads\/2022\/02\/photo_2022-02-04_16-38-45.jpg 1280w, https:\/\/uzdjtsunf.uz\/wp-content\/uploads\/2022\/02\/photo_2022-02-04_16-38-45-300x225.jpg 300w, https:\/\/uzdjtsunf.uz\/wp-content\/uploads\/2022\/02\/photo_2022-02-04_16-38-45-768x577.jpg 768w, https:\/\/uzdjtsunf.uz\/wp-content\/uploads\/2022\/02\/photo_2022-02-04_16-38-45-1024x769.jpg 1024w\" sizes=\"auto, (max-width: 1280px) 100vw, 1280px\" \/><\/a>\n\t\t\t<\/dt><\/dl><br style=\"clear: both\" \/>\n\t\t<\/div>\n\n<p style=\"text-align: justify;\"><span style=\"font-family: 'times new roman', times, serif; font-size: 14pt;\">Ush\u0131ras\u0131w bar\u0131s\u0131nda tiyisli taraw q\u00e1nigeleri ilaj qatnas\u0131wsh\u0131lar\u0131na ertengi k\u00fangi elimizdi\u0144 keleshegi bol\u01f5an student-jaslar\u0131m\u0131zd\u0131\u0144 t\u00e1lim \u2013 t\u00e1rbiyas\u0131na itibarl\u0131 bol\u0131wlar\u0131 kerekligi, \u00f3zlerine islam dinin n\u0131qap etip al\u01f5an h\u00e1r q\u0131yl\u0131 diniy a\u01f5\u0131mlar\u01f5a qos\u0131l\u0131p ketiwlerini\u0144 ald\u0131n ad\u0131wda itibarl\u0131 bol\u0131w\u01f5a shaq\u0131rd\u0131.<\/span><\/p>\n\n\t\t<style type=\"text\/css\">\n\t\t\t#gallery-2 {\n\t\t\t\tmargin: auto;\n\t\t\t}\n\t\t\t#gallery-2 .gallery-item {\n\t\t\t\tfloat: left;\n\t\t\t\tmargin-top: 10px;\n\t\t\t\ttext-align: center;\n\t\t\t\twidth: 100%;\n\t\t\t}\n\t\t\t#gallery-2 img {\n\t\t\t\tborder: 2px solid #cfcfcf;\n\t\t\t}\n\t\t\t#gallery-2 .gallery-caption {\n\t\t\t\tmargin-left: 0;\n\t\t\t}\n\t\t\t\/* see gallery_shortcode() in wp-includes\/media.php *\/\n\t\t<\/style>\n\t\t<div id='gallery-2' class='gallery galleryid-6175 gallery-columns-1 gallery-size-full'><dl class='gallery-item'>\n\t\t\t<dt class='gallery-icon landscape'>\n\t\t\t\t<a href='https:\/\/uzdjtsunf.uz\/qq\/6175\/photo_2022-02-04_16-17-11\/'><img loading=\"lazy\" decoding=\"async\" width=\"1280\" height=\"961\" src=\"https:\/\/uzdjtsunf.uz\/wp-content\/uploads\/2022\/02\/photo_2022-02-04_16-17-11.jpg\" class=\"attachment-full size-full\" alt=\"\" srcset=\"https:\/\/uzdjtsunf.uz\/wp-content\/uploads\/2022\/02\/photo_2022-02-04_16-17-11.jpg 1280w, https:\/\/uzdjtsunf.uz\/wp-content\/uploads\/2022\/02\/photo_2022-02-04_16-17-11-300x225.jpg 300w, https:\/\/uzdjtsunf.uz\/wp-content\/uploads\/2022\/02\/photo_2022-02-04_16-17-11-768x577.jpg 768w, https:\/\/uzdjtsunf.uz\/wp-content\/uploads\/2022\/02\/photo_2022-02-04_16-17-11-1024x769.jpg 1024w\" sizes=\"auto, (max-width: 1280px) 100vw, 1280px\" \/><\/a>\n\t\t\t<\/dt><\/dl><br style=\"clear: both\" \/>\n\t\t<\/div>\n\n<p style=\"text-align: justify;\"><span style=\"font-family: 'times new roman', times, serif; font-size: 14pt;\">Bunnan t\u0131sqar\u0131 us\u0131nday jaman illetlerge qos\u0131l\u0131p ketken insanlard\u0131\u0144 \u00f3miri, n\u00e1shebentlik, \u00f3z jan\u0131na qas etiw h\u00e1m huq\u0131qbuzarl\u0131q islegen aram\u0131zda\u01f5\u0131 ayr\u0131m insanlard\u0131\u0144 ayan\u0131shl\u0131 t\u00e1\u01f5dirleri haqq\u0131nda ke\u0144 t\u00farde t\u00fasinikler berip \u00f3tti. Sonday-aq, islam dini haqq\u0131nda an\u0131q h\u00e1m ke\u0144 t\u00farde ma\u01f5l\u0131wmatlar berdi.<\/span><\/p>\n\n\t\t<style type=\"text\/css\">\n\t\t\t#gallery-3 {\n\t\t\t\tmargin: auto;\n\t\t\t}\n\t\t\t#gallery-3 .gallery-item {\n\t\t\t\tfloat: left;\n\t\t\t\tmargin-top: 10px;\n\t\t\t\ttext-align: center;\n\t\t\t\twidth: 100%;\n\t\t\t}\n\t\t\t#gallery-3 img {\n\t\t\t\tborder: 2px solid #cfcfcf;\n\t\t\t}\n\t\t\t#gallery-3 .gallery-caption {\n\t\t\t\tmargin-left: 0;\n\t\t\t}\n\t\t\t\/* see gallery_shortcode() in wp-includes\/media.php *\/\n\t\t<\/style>\n\t\t<div id='gallery-3' class='gallery galleryid-6175 gallery-columns-1 gallery-size-full'><dl class='gallery-item'>\n\t\t\t<dt class='gallery-icon landscape'>\n\t\t\t\t<a href='https:\/\/uzdjtsunf.uz\/qq\/6175\/photo_2022-02-04_16-25-41\/'><img loading=\"lazy\" decoding=\"async\" width=\"1280\" height=\"961\" src=\"https:\/\/uzdjtsunf.uz\/wp-content\/uploads\/2022\/02\/photo_2022-02-04_16-25-41.jpg\" class=\"attachment-full size-full\" alt=\"\" srcset=\"https:\/\/uzdjtsunf.uz\/wp-content\/uploads\/2022\/02\/photo_2022-02-04_16-25-41.jpg 1280w, https:\/\/uzdjtsunf.uz\/wp-content\/uploads\/2022\/02\/photo_2022-02-04_16-25-41-300x225.jpg 300w, https:\/\/uzdjtsunf.uz\/wp-content\/uploads\/2022\/02\/photo_2022-02-04_16-25-41-768x577.jpg 768w, https:\/\/uzdjtsunf.uz\/wp-content\/uploads\/2022\/02\/photo_2022-02-04_16-25-41-1024x769.jpg 1024w\" sizes=\"auto, (max-width: 1280px) 100vw, 1280px\" \/><\/a>\n\t\t\t<\/dt><\/dl><br style=\"clear: both\" \/>\n\t\t<\/div>\n\n<p style=\"text-align: justify;\"><span style=\"font-family: 'times new roman', times, serif; font-size: 14pt;\">Il\u00e1j qatnas\u0131wsh\u0131lar\u0131 il\u00e1j bar\u0131s\u0131nda tiyisli taraw q\u00e1nigelerinen \u00f3zlerin q\u0131z\u0131qt\u0131r\u01f5an sorawlar\u0131na juwaplar ald\u0131 h\u00e1m \u00f3zlerini\u0144 pikir us\u0131n\u0131slar\u0131n bildirdi.<\/span><\/p>\n<p>&nbsp;<\/p>\n<p style=\"text-align: justify;\"><span style=\"font-family: 'times new roman', times, serif; font-size: 14pt;\">Tiyisli taraw q\u00e1nigeleri t\u00e1repinen sh\u00f3lkemlestirilgen il\u00e1j q\u0131z\u01f5\u0131n pikin-us\u0131n\u0131slar\u01f5a bay t\u00e1rizde q\u0131z\u0131ql\u0131 h\u00e1m mazmunl\u0131 bol\u0131p \u00f3tti.<\/span><\/p>\n<p style=\"text-align: justify;\">\u00a0<\/p>\n<p style=\"text-align: right;\"><strong><span style=\"font-family: 'times new roman', times, serif; font-size: 14pt;\">Filial Baspas\u00f3z x\u0131zmeti.<\/span><\/strong><\/p>\n<p><\/p>","protected":false},"excerpt":{"rendered":"<p>J\u00e1miyetimizde social-m\u00e1deniy ortal\u0131qt\u0131 salamatlast\u0131r\u0131w, diniy ke\u0144peyillikti h\u00e1m milletlerara tat\u0131wl\u0131qt\u0131 bekkemlew. Jaslar\u0131m\u0131zd\u0131 \u00f3zlerine islam dinin n\u0131qap etip al\u01f5an h\u00e1r q\u0131yl\u0131 diniy a\u01f5\u0131mlar\u01f5a qos\u0131l\u0131p ketiwlerini\u0144 ald\u0131n al\u0131w. Student-jaslar aras\u0131nda jat illetlerge qars\u0131 immunitetti q\u00e1liplestiriw. Sonday-aq, adam sawdas\u0131, n\u00e1shebentlikke qars\u0131 g\u00faresiw, \u00f3z jan\u0131na qast etiw, j\u0131nayatsh\u0131l\u0131q h\u00e1m huq\u0131qbuzarl\u0131qlard\u0131\u0144 ald\u0131n al\u0131w maqsetinde Qaraqalpaqstan Respublikas\u0131 Ministrler Ke\u0144esi Basl\u0131\u01f5\u0131n\u0131\u0144 or\u0131nbasar\u0131 R.Saparbaev [&hellip;]<\/p>\n","protected":false},"author":82,"featured_media":6181,"comment_status":"open","ping_status":"open","sticky":false,"template":"","format":"standard","meta":{"footnotes":""},"categories":[1,3],"tags":[],"class_list":["post-6175","post","type-post","status-publish","format-standard","has-post-thumbnail","hentry","category-ads","category-news"],"_links":{"self":[{"href":"https:\/\/uzdjtsunf.uz\/qq\/wp-json\/wp\/v2\/posts\/6175","targetHints":{"allow":["GET"]}}],"collection":[{"href":"https:\/\/uzdjtsunf.uz\/qq\/wp-json\/wp\/v2\/posts"}],"about":[{"href":"https:\/\/uzdjtsunf.uz\/qq\/wp-json\/wp\/v2\/types\/post"}],"author":[{"embeddable":true,"href":"https:\/\/uzdjtsunf.uz\/qq\/wp-json\/wp\/v2\/users\/82"}],"replies":[{"embeddable":true,"href":"https:\/\/uzdjtsunf.uz\/qq\/wp-json\/wp\/v2\/comments?post=6175"}],"version-history":[{"count":0,"href":"https:\/\/uzdjtsunf.uz\/qq\/wp-json\/wp\/v2\/posts\/6175\/revisions"}],"wp:featuredmedia":[{"embeddable":true,"href":"https:\/\/uzdjtsunf.uz\/qq\/wp-json\/wp\/v2\/media\/6181"}],"wp:attachment":[{"href":"https:\/\/uzdjtsunf.uz\/qq\/wp-json\/wp\/v2\/media?parent=6175"}],"wp:term":[{"taxonomy":"category","embeddable":true,"href":"https:\/\/uzdjtsunf.uz\/qq\/wp-json\/wp\/v2\/categories?post=6175"},{"taxonomy":"post_tag","embeddable":true,"href":"https:\/\/uzdjtsunf.uz\/qq\/wp-json\/wp\/v2\/tags?post=6175"}],"curies":[{"name":"wp","href":"https:\/\/api.w.org\/{rel}","templated":true}]}}